{"id":6271,"date":"2017-06-20T21:48:30","date_gmt":"2017-06-20T19:48:30","guid":{"rendered":"http:\/\/www.granadablogs.com\/juezcalatayud\/?p=6271"},"modified":"2017-06-20T21:48:30","modified_gmt":"2017-06-20T19:48:30","slug":"por-que-dices-que-no-te-vas-a-duchar-porque-me-lo-has-preguntado","status":"publish","type":"post","link":"https:\/\/www.granadablogs.com\/juezcalatayud\/2017\/06\/por-que-dices-que-no-te-vas-a-duchar-porque-me-lo-has-preguntado\/","title":{"rendered":"\u00ab\u00bfPor qu\u00e9 dices que no te vas a duchar?\u00bb \u00abPorque me lo has preguntado\u00bb"},"content":{"rendered":"<p><img loading=\"lazy\" decoding=\"async\" class=\"size-medium wp-image-6005\" src=\"http:\/\/www.granadablogs.com\/juezcalatayud\/wp-content\/uploads\/2017\/04\/NI\u00d1O-300x199.jpg\" alt=\"\" width=\"300\" height=\"199\" srcset=\"https:\/\/www.granadablogs.com\/juezcalatayud\/wp-content\/uploads\/2017\/04\/NI\u00d1O-300x199.jpg 300w, https:\/\/www.granadablogs.com\/juezcalatayud\/wp-content\/uploads\/2017\/04\/NI\u00d1O-768x510.jpg 768w, https:\/\/www.granadablogs.com\/juezcalatayud\/wp-content\/uploads\/2017\/04\/NI\u00d1O-644x428.jpg 644w\" sizes=\"auto, (max-width: 300px) 100vw, 300px\" \/><\/p>\n<p>Buenas, soy Emilio Calatayud. A prop\u00f3sito de lo que habl\u00e1bamos sobre esa man\u00eda de preguntarle todo a los ni\u00f1os, \u00a0una madre nos env\u00eda el siguiente ejemplo:<\/p>\n<p>\u00abConversaci\u00f3n con mi hijo cuando ten\u00eda 6 a\u00f1os:<br \/>\n&#8211; \u00bfVamos ya a duchar?<br \/>\n&#8211; No<br \/>\n&#8211; \u00bfC\u00f3mo que no?<br \/>\n&#8211; Me has preguntado&#8230;<br \/>\nY como ten\u00eda raz\u00f3n, desde entonces se lo ordeno. A la ducha!!\u00bb<\/p>\n<p>Ni media palabra m\u00e1s. A esto es lo que me refer\u00eda,, s\u00f3lo que esta madre lo ha explicado mejor que yo.<\/p>\n","protected":false},"excerpt":{"rendered":"<p>Buenas, soy Emilio Calatayud. A prop\u00f3sito de lo que habl\u00e1bamos sobre esa man\u00eda de preguntarle todo a los ni\u00f1os, \u00a0una madre nos env\u00eda el siguiente ejemplo: \u00abConversaci\u00f3n con mi hijo cuando ten\u00eda 6 a\u00f1os: &#8211; \u00bfVamos ya a duchar? &#8211; No &#8211; \u00bfC\u00f3mo que no? &#8211; Me has preguntado&#8230; Y como ten\u00eda raz\u00f3n, desde entonces [&hellip;]<\/p>\n","protected":false},"author":2,"featured_media":0,"comment_status":"open","ping_status":"open","sticky":false,"template":"","format":"standard","meta":{"jetpack_post_was_ever_published":false,"_jetpack_newsletter_access":"","_jetpack_dont_email_post_to_subs":false,"_jetpack_newsletter_tier_id":0,"_jetpack_memberships_contains_paywalled_content":false,"_jetpack_memberships_contains_paid_content":false,"footnotes":""},"categories":[1],"tags":[189,90,1787],"class_list":["post-6271","post","type-post","status-publish","format-standard","hentry","category-blog","tag-hijos","tag-padres","tag-preguntar"],"jetpack_featured_media_url":"","jetpack_shortlink":"https:\/\/wp.me\/p5fzW5-1D9","jetpack-related-posts":[],"jetpack_sharing_enabled":true,"_links":{"self":[{"href":"https:\/\/www.granadablogs.com\/juezcalatayud\/wp-json\/wp\/v2\/posts\/6271","targetHints":{"allow":["GET"]}}],"collection":[{"href":"https:\/\/www.granadablogs.com\/juezcalatayud\/wp-json\/wp\/v2\/posts"}],"about":[{"href":"https:\/\/www.granadablogs.com\/juezcalatayud\/wp-json\/wp\/v2\/types\/post"}],"author":[{"embeddable":true,"href":"https:\/\/www.granadablogs.com\/juezcalatayud\/wp-json\/wp\/v2\/users\/2"}],"replies":[{"embeddable":true,"href":"https:\/\/www.granadablogs.com\/juezcalatayud\/wp-json\/wp\/v2\/comments?post=6271"}],"version-history":[{"count":2,"href":"https:\/\/www.granadablogs.com\/juezcalatayud\/wp-json\/wp\/v2\/posts\/6271\/revisions"}],"predecessor-version":[{"id":6274,"href":"https:\/\/www.granadablogs.com\/juezcalatayud\/wp-json\/wp\/v2\/posts\/6271\/revisions\/6274"}],"wp:attachment":[{"href":"https:\/\/www.granadablogs.com\/juezcalatayud\/wp-json\/wp\/v2\/media?parent=6271"}],"wp:term":[{"taxonomy":"category","embeddable":true,"href":"https:\/\/www.granadablogs.com\/juezcalatayud\/wp-json\/wp\/v2\/categories?post=6271"},{"taxonomy":"post_tag","embeddable":true,"href":"https:\/\/www.granadablogs.com\/juezcalatayud\/wp-json\/wp\/v2\/tags?post=6271"}],"curies":[{"name":"wp","href":"https:\/\/api.w.org\/{rel}","templated":true}]}}