{"id":6265,"date":"2017-06-19T20:10:31","date_gmt":"2017-06-19T18:10:31","guid":{"rendered":"http:\/\/www.granadablogs.com\/juezcalatayud\/?p=6265"},"modified":"2017-06-19T20:10:31","modified_gmt":"2017-06-19T18:10:31","slug":"los-padres-empezamos-a-perder-el-pulso-con-nuestros-hijos-cuando-nos-empenamos-en-preguntarles-todo-que-quieres-comer-a-donde-quieres-ir","status":"publish","type":"post","link":"https:\/\/www.granadablogs.com\/juezcalatayud\/2017\/06\/los-padres-empezamos-a-perder-el-pulso-con-nuestros-hijos-cuando-nos-empenamos-en-preguntarles-todo-que-quieres-comer-a-donde-quieres-ir\/","title":{"rendered":"Los padres empezamos a perder el pulso con nuestros hijos cuando nos empe\u00f1amos en preguntarles todo: \u00bfQu\u00e9 quieres comer? \u00bfA d\u00f3nde quieres ir&#8230;?"},"content":{"rendered":"<p>&nbsp;<\/p>\n<figure id=\"attachment_6268\" aria-describedby=\"caption-attachment-6268\" style=\"width: 300px\" class=\"wp-caption aligncenter\"><img loading=\"lazy\" decoding=\"async\" class=\"size-medium wp-image-6268\" src=\"http:\/\/www.granadablogs.com\/juezcalatayud\/wp-content\/uploads\/2017\/06\/Ni\u00f1os-y-tiranos-300x287.jpg\" alt=\"\" width=\"300\" height=\"287\" srcset=\"https:\/\/www.granadablogs.com\/juezcalatayud\/wp-content\/uploads\/2017\/06\/Ni\u00f1os-y-tiranos-300x287.jpg 300w, https:\/\/www.granadablogs.com\/juezcalatayud\/wp-content\/uploads\/2017\/06\/Ni\u00f1os-y-tiranos-768x736.jpg 768w, https:\/\/www.granadablogs.com\/juezcalatayud\/wp-content\/uploads\/2017\/06\/Ni\u00f1os-y-tiranos-644x617.jpg 644w, https:\/\/www.granadablogs.com\/juezcalatayud\/wp-content\/uploads\/2017\/06\/Ni\u00f1os-y-tiranos.jpg 1584w\" sizes=\"auto, (max-width: 300px) 100vw, 300px\" \/><figcaption id=\"caption-attachment-6268\" class=\"wp-caption-text\">F. G. Baptista<\/figcaption><\/figure>\n<p>Buenas, soy Emilio Calatayud. El otro d\u00eda, un sabio que tiene unos cuantos a\u00f1os -lo que en su caso le hace todav\u00eda m\u00e1s sabio- me coment\u00f3 la siguiente teor\u00eda: los padres empezamos a perder el pulso con nuestros hijos cuando nos empe\u00f1amos en preguntarles todo: \u00bfQu\u00e9 quieres comer, hijo? \u00bfA d\u00f3nde quieres ir de vacaciones, hijo? \u00bfQuieres ir al cine? \u00bfQu\u00e9 cadena de televisi\u00f3n quieres ver?, \u00bfQu\u00e9 ropa quieres? etc. La<\/p>\n<p>familia no tiene que ser una dictadura, pero tampoco es una democracia. Si siempre pedimos la opini\u00f3n a nuestros hijos, el d\u00eda que se nos olvide puede que se enfaden y nos monten una revoluci\u00f3n o dos. Y, claro, si ya tienen 17 a\u00f1os y miden 1,90 pues es complicado&#8230; Sentido com\u00fan.<\/p>\n","protected":false},"excerpt":{"rendered":"<p>&nbsp; Buenas, soy Emilio Calatayud. El otro d\u00eda, un sabio que tiene unos cuantos a\u00f1os -lo que en su caso le hace todav\u00eda m\u00e1s sabio- me coment\u00f3 la siguiente teor\u00eda: los padres empezamos a perder el pulso con nuestros hijos cuando nos empe\u00f1amos en preguntarles todo: \u00bfQu\u00e9 quieres comer, hijo? \u00bfA d\u00f3nde quieres ir de [&hellip;]<\/p>\n","protected":false},"author":2,"featured_media":0,"comment_status":"open","ping_status":"open","sticky":false,"template":"","format":"standard","meta":{"jetpack_post_was_ever_published":false,"_jetpack_newsletter_access":"","_jetpack_dont_email_post_to_subs":false,"_jetpack_newsletter_tier_id":0,"_jetpack_memberships_contains_paywalled_content":false,"_jetpack_memberships_contains_paid_content":false,"footnotes":""},"categories":[1],"tags":[189,90,1786],"class_list":["post-6265","post","type-post","status-publish","format-standard","hentry","category-blog","tag-hijos","tag-padres","tag-pulso"],"jetpack_featured_media_url":"","jetpack_shortlink":"https:\/\/wp.me\/p5fzW5-1D3","jetpack-related-posts":[],"jetpack_sharing_enabled":true,"_links":{"self":[{"href":"https:\/\/www.granadablogs.com\/juezcalatayud\/wp-json\/wp\/v2\/posts\/6265","targetHints":{"allow":["GET"]}}],"collection":[{"href":"https:\/\/www.granadablogs.com\/juezcalatayud\/wp-json\/wp\/v2\/posts"}],"about":[{"href":"https:\/\/www.granadablogs.com\/juezcalatayud\/wp-json\/wp\/v2\/types\/post"}],"author":[{"embeddable":true,"href":"https:\/\/www.granadablogs.com\/juezcalatayud\/wp-json\/wp\/v2\/users\/2"}],"replies":[{"embeddable":true,"href":"https:\/\/www.granadablogs.com\/juezcalatayud\/wp-json\/wp\/v2\/comments?post=6265"}],"version-history":[{"count":4,"href":"https:\/\/www.granadablogs.com\/juezcalatayud\/wp-json\/wp\/v2\/posts\/6265\/revisions"}],"predecessor-version":[{"id":6270,"href":"https:\/\/www.granadablogs.com\/juezcalatayud\/wp-json\/wp\/v2\/posts\/6265\/revisions\/6270"}],"wp:attachment":[{"href":"https:\/\/www.granadablogs.com\/juezcalatayud\/wp-json\/wp\/v2\/media?parent=6265"}],"wp:term":[{"taxonomy":"category","embeddable":true,"href":"https:\/\/www.granadablogs.com\/juezcalatayud\/wp-json\/wp\/v2\/categories?post=6265"},{"taxonomy":"post_tag","embeddable":true,"href":"https:\/\/www.granadablogs.com\/juezcalatayud\/wp-json\/wp\/v2\/tags?post=6265"}],"curies":[{"name":"wp","href":"https:\/\/api.w.org\/{rel}","templated":true}]}}