{"id":6121,"date":"2017-05-26T20:27:23","date_gmt":"2017-05-26T18:27:23","guid":{"rendered":"http:\/\/www.granadablogs.com\/juezcalatayud\/?p=6121"},"modified":"2017-05-26T20:27:23","modified_gmt":"2017-05-26T18:27:23","slug":"mis-sentencias-ejemplares-de-bolsillo-un-libro-menor-pero-solo-en-tamano","status":"publish","type":"post","link":"https:\/\/www.granadablogs.com\/juezcalatayud\/2017\/05\/mis-sentencias-ejemplares-de-bolsillo-un-libro-menor-pero-solo-en-tamano\/","title":{"rendered":"&#8216;Mis sentencias ejemplares&#8217; de bolsillo, un libro &#8216;menor&#8217; pero s\u00f3lo en tama\u00f1o"},"content":{"rendered":"<p><a href=\"http:\/\/www.granadablogs.com\/juezcalatayud\/wp-content\/uploads\/2017\/05\/PORTADA.jpg\"><img loading=\"lazy\" decoding=\"async\" class=\"aligncenter size-medium wp-image-6126\" src=\"http:\/\/www.granadablogs.com\/juezcalatayud\/wp-content\/uploads\/2017\/05\/PORTADA-190x300.jpg\" alt=\"\" width=\"190\" height=\"300\" srcset=\"https:\/\/www.granadablogs.com\/juezcalatayud\/wp-content\/uploads\/2017\/05\/PORTADA-190x300.jpg 190w, https:\/\/www.granadablogs.com\/juezcalatayud\/wp-content\/uploads\/2017\/05\/PORTADA.jpg 290w\" sizes=\"auto, (max-width: 190px) 100vw, 190px\" \/><\/a><\/p>\n<p>Hola, soy Carlos Mor\u00e1n, el compa\u00f1ero de blog de don Emilio. La editorial La Esfera de los Libros acaba de reeditar, por primera vez en edici\u00f3n de bolsillo, &#8216;Mis sentencias ejemplares&#8217;, el libro que don Emilio y yo hicimos en 2008 y que estaba pr\u00e1cticamente agotado en las tiendas. De la versi\u00f3n grande se hicieron nueve ediciones, es decir, que fue un modesto best-seller. Como nos consta que hay personas que lo han buscado y no lo han hallado, pues ya sab\u00e9is: est\u00e1 de nuevo a la venta, pero en peque\u00f1o. Es un libro &#8216;menor&#8217;, pero s\u00f3lo en tama\u00f1o y en precio ja, ja, ja.<\/p>\n","protected":false},"excerpt":{"rendered":"<p>Hola, soy Carlos Mor\u00e1n, el compa\u00f1ero de blog de don Emilio. La editorial La Esfera de los Libros acaba de reeditar, por primera vez en edici\u00f3n de bolsillo, &#8216;Mis sentencias ejemplares&#8217;, el libro que don Emilio y yo hicimos en 2008 y que estaba pr\u00e1cticamente agotado en las tiendas. De la versi\u00f3n grande se hicieron [&hellip;]<\/p>\n","protected":false},"author":3,"featured_media":0,"comment_status":"open","ping_status":"open","sticky":false,"template":"","format":"standard","meta":{"jetpack_post_was_ever_published":false,"_jetpack_newsletter_access":"","_jetpack_dont_email_post_to_subs":false,"_jetpack_newsletter_tier_id":0,"_jetpack_memberships_contains_paywalled_content":false,"_jetpack_memberships_contains_paid_content":false,"footnotes":""},"categories":[1],"tags":[1771,1770,1471],"class_list":["post-6121","post","type-post","status-publish","format-standard","hentry","category-blog","tag-ejemplares","tag-mis","tag-sentencias"],"jetpack_featured_media_url":"","jetpack_shortlink":"https:\/\/wp.me\/p5fzW5-1AJ","jetpack-related-posts":[],"jetpack_sharing_enabled":true,"_links":{"self":[{"href":"https:\/\/www.granadablogs.com\/juezcalatayud\/wp-json\/wp\/v2\/posts\/6121","targetHints":{"allow":["GET"]}}],"collection":[{"href":"https:\/\/www.granadablogs.com\/juezcalatayud\/wp-json\/wp\/v2\/posts"}],"about":[{"href":"https:\/\/www.granadablogs.com\/juezcalatayud\/wp-json\/wp\/v2\/types\/post"}],"author":[{"embeddable":true,"href":"https:\/\/www.granadablogs.com\/juezcalatayud\/wp-json\/wp\/v2\/users\/3"}],"replies":[{"embeddable":true,"href":"https:\/\/www.granadablogs.com\/juezcalatayud\/wp-json\/wp\/v2\/comments?post=6121"}],"version-history":[{"count":3,"href":"https:\/\/www.granadablogs.com\/juezcalatayud\/wp-json\/wp\/v2\/posts\/6121\/revisions"}],"predecessor-version":[{"id":6127,"href":"https:\/\/www.granadablogs.com\/juezcalatayud\/wp-json\/wp\/v2\/posts\/6121\/revisions\/6127"}],"wp:attachment":[{"href":"https:\/\/www.granadablogs.com\/juezcalatayud\/wp-json\/wp\/v2\/media?parent=6121"}],"wp:term":[{"taxonomy":"category","embeddable":true,"href":"https:\/\/www.granadablogs.com\/juezcalatayud\/wp-json\/wp\/v2\/categories?post=6121"},{"taxonomy":"post_tag","embeddable":true,"href":"https:\/\/www.granadablogs.com\/juezcalatayud\/wp-json\/wp\/v2\/tags?post=6121"}],"curies":[{"name":"wp","href":"https:\/\/api.w.org\/{rel}","templated":true}]}}