{"id":6103,"date":"2017-05-23T18:03:44","date_gmt":"2017-05-23T16:03:44","guid":{"rendered":"http:\/\/www.granadablogs.com\/juezcalatayud\/?p=6103"},"modified":"2017-05-23T18:03:44","modified_gmt":"2017-05-23T16:03:44","slug":"matar-a-ninos-y-adolescentes-para-aterrorizar-a-todos","status":"publish","type":"post","link":"https:\/\/www.granadablogs.com\/juezcalatayud\/2017\/05\/matar-a-ninos-y-adolescentes-para-aterrorizar-a-todos\/","title":{"rendered":"Matar a ni\u00f1os y adolescentes para aterrorizar a todos"},"content":{"rendered":"<p>Buenas, soy Emilio Calatayud. Recientemente, una madre me pregunt\u00f3 si deb\u00eda ir dejando que su hija de nueve a\u00f1os empezar a quedarse sola en la calle con sus amigas, mientras ella, por ejemplo, iba a hacer una compra r\u00e1pida. Le dije que s\u00ed, que los ni\u00f1os tienen que ir aprendiendo a manejarse solos. Seguro que muchos de los ni\u00f1os y adolescentes que estaban en el concierto de M\u00e1nchester acud\u00edan a un espect\u00e1culo musical de este tipo por primera vez. Seguro que muchos ir\u00edan en pandillas con la emoci\u00f3n de ver a su cantante favorita y de sentirse independientes por un rato. Seguro que sus padres estar\u00edan esperando fuera&#8230;. Y todo eso est\u00e1 bien. Y, a pesar del miedo, se debe seguir haciendo. Matan a los ni\u00f1os y los adolescentes para aterrorizar a todos. No deben lograrlo. Nuestro p\u00e9same a todas las familias que se han visto afectadas por esta tragedia y por otras parecidas que han ocurrido en otras partes del mundo.<\/p>\n","protected":false},"excerpt":{"rendered":"<p>Buenas, soy Emilio Calatayud. Recientemente, una madre me pregunt\u00f3 si deb\u00eda ir dejando que su hija de nueve a\u00f1os empezar a quedarse sola en la calle con sus amigas, mientras ella, por ejemplo, iba a hacer una compra r\u00e1pida. Le dije que s\u00ed, que los ni\u00f1os tienen que ir aprendiendo a manejarse solos. Seguro que [&hellip;]<\/p>\n","protected":false},"author":2,"featured_media":0,"comment_status":"open","ping_status":"open","sticky":false,"template":"","format":"standard","meta":{"jetpack_post_was_ever_published":false,"_jetpack_newsletter_access":"","_jetpack_dont_email_post_to_subs":false,"_jetpack_newsletter_tier_id":0,"_jetpack_memberships_contains_paywalled_content":false,"_jetpack_memberships_contains_paid_content":false,"footnotes":""},"categories":[1],"tags":[1382,1768],"class_list":["post-6103","post","type-post","status-publish","format-standard","hentry","category-blog","tag-atentado","tag-manchester"],"jetpack_featured_media_url":"","jetpack_shortlink":"https:\/\/wp.me\/p5fzW5-1Ar","jetpack-related-posts":[],"jetpack_sharing_enabled":true,"_links":{"self":[{"href":"https:\/\/www.granadablogs.com\/juezcalatayud\/wp-json\/wp\/v2\/posts\/6103","targetHints":{"allow":["GET"]}}],"collection":[{"href":"https:\/\/www.granadablogs.com\/juezcalatayud\/wp-json\/wp\/v2\/posts"}],"about":[{"href":"https:\/\/www.granadablogs.com\/juezcalatayud\/wp-json\/wp\/v2\/types\/post"}],"author":[{"embeddable":true,"href":"https:\/\/www.granadablogs.com\/juezcalatayud\/wp-json\/wp\/v2\/users\/2"}],"replies":[{"embeddable":true,"href":"https:\/\/www.granadablogs.com\/juezcalatayud\/wp-json\/wp\/v2\/comments?post=6103"}],"version-history":[{"count":1,"href":"https:\/\/www.granadablogs.com\/juezcalatayud\/wp-json\/wp\/v2\/posts\/6103\/revisions"}],"predecessor-version":[{"id":6104,"href":"https:\/\/www.granadablogs.com\/juezcalatayud\/wp-json\/wp\/v2\/posts\/6103\/revisions\/6104"}],"wp:attachment":[{"href":"https:\/\/www.granadablogs.com\/juezcalatayud\/wp-json\/wp\/v2\/media?parent=6103"}],"wp:term":[{"taxonomy":"category","embeddable":true,"href":"https:\/\/www.granadablogs.com\/juezcalatayud\/wp-json\/wp\/v2\/categories?post=6103"},{"taxonomy":"post_tag","embeddable":true,"href":"https:\/\/www.granadablogs.com\/juezcalatayud\/wp-json\/wp\/v2\/tags?post=6103"}],"curies":[{"name":"wp","href":"https:\/\/api.w.org\/{rel}","templated":true}]}}