{"id":556,"date":"2010-03-23T19:35:12","date_gmt":"2010-03-23T18:35:12","guid":{"rendered":"http:\/\/www.granadablogs.com\/juezcalatayud\/?p=556"},"modified":"2010-03-23T19:37:18","modified_gmt":"2010-03-23T18:37:18","slug":"pedimos-consejo-sobre-facebook","status":"publish","type":"post","link":"https:\/\/www.granadablogs.com\/juezcalatayud\/2010\/03\/pedimos-consejo-sobre-facebook\/","title":{"rendered":"Pedimos consejo sobre Facebook"},"content":{"rendered":"<p>Don Emilio y un servidor estamos sopesando desde hace tiempo la posibilidad de apuntarnos a Facebook, m\u00e1s que nada, para atraer a m\u00e1s gente a este blog. Pero no acabamos de decidirnos. Hay personas que echan pestes de esa red social (George Clooney creo que es una de ellas) y otras, que no podr\u00edan vivir sin ella. Por eso, os pedimos consejo. Suponemos que muchos de vosotros ya estar\u00e9is\u00a0en Facebook y nos gustar\u00eda conocer vuestra experiencia. \u00bfEs cierto que es imposible darte de baja? Lo m\u00e1s curioso, y creo que esto ya lo he contado, es que alguien le ha hecho un perfil a don Emilio sin su conocimiento y parece que ha sumado un mont\u00f3n de adhesiones o como se diga.<\/p>\n<p>Habr\u00e1 quien piense que nos comportamos como analfabetos funcionales en materia de Internet, que no hay que temer a las nuevas tecnolog\u00edas, que apuntarse a Facebook es una chorrada sin la mayor trascendencia, que tampoco hay que darle tantas vueltas&#8230; Y puede que sea verdad. Si os parecemos rid\u00edculos, tambi\u00e9n pod\u00e9is decirlo. Somos antiguos y, hasta hace bien poco, \u00e9ramos de los que pensaban que Internet daba calambre (como dec\u00eda Cela). Un saludo y os agradecemos vuestro asesoramiento por adelantado.<\/p>\n<p>Gracias.<\/p>\n","protected":false},"excerpt":{"rendered":"<p>Don Emilio y un servidor estamos sopesando desde hace tiempo la posibilidad de apuntarnos a Facebook, m\u00e1s que nada, para atraer a m\u00e1s gente a este blog. Pero no acabamos de decidirnos. Hay personas que echan pestes de esa red social (George Clooney creo que es una de ellas) y otras, que no podr\u00edan vivir [&hellip;]<\/p>\n","protected":false},"author":3,"featured_media":0,"comment_status":"open","ping_status":"open","sticky":false,"template":"","format":"standard","meta":{"jetpack_post_was_ever_published":false,"_jetpack_newsletter_access":"","_jetpack_dont_email_post_to_subs":false,"_jetpack_newsletter_tier_id":0,"_jetpack_memberships_contains_paywalled_content":false,"_jetpack_memberships_contains_paid_content":false,"footnotes":""},"categories":[1],"tags":[124],"class_list":["post-556","post","type-post","status-publish","format-standard","hentry","category-blog","tag-facebook"],"jetpack_featured_media_url":"","jetpack_shortlink":"https:\/\/wp.me\/p5fzW5-8Y","jetpack-related-posts":[],"jetpack_sharing_enabled":true,"_links":{"self":[{"href":"https:\/\/www.granadablogs.com\/juezcalatayud\/wp-json\/wp\/v2\/posts\/556","targetHints":{"allow":["GET"]}}],"collection":[{"href":"https:\/\/www.granadablogs.com\/juezcalatayud\/wp-json\/wp\/v2\/posts"}],"about":[{"href":"https:\/\/www.granadablogs.com\/juezcalatayud\/wp-json\/wp\/v2\/types\/post"}],"author":[{"embeddable":true,"href":"https:\/\/www.granadablogs.com\/juezcalatayud\/wp-json\/wp\/v2\/users\/3"}],"replies":[{"embeddable":true,"href":"https:\/\/www.granadablogs.com\/juezcalatayud\/wp-json\/wp\/v2\/comments?post=556"}],"version-history":[{"count":2,"href":"https:\/\/www.granadablogs.com\/juezcalatayud\/wp-json\/wp\/v2\/posts\/556\/revisions"}],"predecessor-version":[{"id":558,"href":"https:\/\/www.granadablogs.com\/juezcalatayud\/wp-json\/wp\/v2\/posts\/556\/revisions\/558"}],"wp:attachment":[{"href":"https:\/\/www.granadablogs.com\/juezcalatayud\/wp-json\/wp\/v2\/media?parent=556"}],"wp:term":[{"taxonomy":"category","embeddable":true,"href":"https:\/\/www.granadablogs.com\/juezcalatayud\/wp-json\/wp\/v2\/categories?post=556"},{"taxonomy":"post_tag","embeddable":true,"href":"https:\/\/www.granadablogs.com\/juezcalatayud\/wp-json\/wp\/v2\/tags?post=556"}],"curies":[{"name":"wp","href":"https:\/\/api.w.org\/{rel}","templated":true}]}}