{"id":553,"date":"2010-03-19T19:29:56","date_gmt":"2010-03-19T18:29:56","guid":{"rendered":"http:\/\/www.granadablogs.com\/juezcalatayud\/?p=553"},"modified":"2010-03-19T19:30:22","modified_gmt":"2010-03-19T18:30:22","slug":"detenido-un-menor-por-lesionar-con-un-cuchillo-a-sus-padres","status":"publish","type":"post","link":"https:\/\/www.granadablogs.com\/juezcalatayud\/2010\/03\/detenido-un-menor-por-lesionar-con-un-cuchillo-a-sus-padres\/","title":{"rendered":"Detenido un menor en Granada por lesionar con un cuchillo a sus padres"},"content":{"rendered":"<div id=\"story-texto\" class=\"p\">\n<div class=\"p\">Mi compa\u00f1era Mar\u00eda Victoria Cobo y yo hemos publicado hoy en ideal.es e IDEAL esta noticia que, la verdad, pone los pelos de punta.<\/div>\n<div class=\"p\">\u00abUn adolescente de 14 a\u00f1os amenaz\u00f3 a sus padres en la casa familiar haciendo uso de dos cuchillos de los que hab\u00eda en la casa. Los progenitores acabaron con lesiones leves.<\/div>\n<div class=\"p\">Los hechos se produjeron en una vivienda de la provincia granadina el pasado d\u00eda 15 de este mes. El menor y sus padres se vieron envueltos en una tensa situaci\u00f3n en la que el chico acab\u00f3 blandiendo dos cuchillos que us\u00f3 para amenazar a sus padres. El asunto lleg\u00f3 a tal gravedad que los padres tuvieron que denunciar a su hijo por los presuntos malos tratos que les hab\u00eda infligido su hijo adolescente. Los hechos que relataba la familia del ni\u00f1o en un cuartel de la Guardia Civil hicieron que los agentes detuvieran al chico, de s\u00f3lo catorce a\u00f1os, por las amenazas y lesiones que presuntamente cometi\u00f3.<\/div>\n<div class=\"p\">Tras ser detenido por la Guardia Civil y dada la gravedad de su conducta, el adolescente fue puesto a disposici\u00f3n del Juzgado de Menores 2 de Granada. Despu\u00e9s de escuchar los testimonios de las v\u00edctimas y del presunto agresor, el magistrado -siempre de acuerdo con el representante de la Fiscal\u00eda Menores- acord\u00f3 imponer una medida cautelar de libertad vigilada (semejante a la libertad condicional de los adultos).<\/div>\n<div class=\"p\">En principio, la libertad vigilada se prolongar\u00e1 durante seis meses, pero si no se fijase fecha para el juicio durante ese tiempo, podr\u00eda prorrogarse otro medio a\u00f1o. Mientras est\u00e9 bajo vigilancia, el muchacho deber\u00e1 cumplir una serie de objetivos educativos y sociales, y, si se produce el m\u00e1s m\u00ednimo fallo, podr\u00eda ingresar en un centro de internamiento. Adem\u00e1s, de producirse este hecho, sumar\u00eda una nueva imputaci\u00f3n: desobediencia al juez.<\/div>\n<div class=\"p\">Las v\u00edctimas y su presunto &#8216;verdugo&#8217;, su hijo, que un d\u00eda antes les hab\u00eda amenazado con un par de cuchillos, salieron juntos de las dependencias judiciales\u00bb.<\/div>\n<\/div>\n","protected":false},"excerpt":{"rendered":"<p>Mi compa\u00f1era Mar\u00eda Victoria Cobo y yo hemos publicado hoy en ideal.es e IDEAL esta noticia que, la verdad, pone los pelos de punta. \u00abUn adolescente de 14 a\u00f1os amenaz\u00f3 a sus padres en la casa familiar haciendo uso de dos cuchillos de los que hab\u00eda en la casa. Los progenitores acabaron con lesiones leves. [&hellip;]<\/p>\n","protected":false},"author":3,"featured_media":0,"comment_status":"open","ping_status":"open","sticky":false,"template":"","format":"standard","meta":{"jetpack_post_was_ever_published":false,"_jetpack_newsletter_access":"","_jetpack_dont_email_post_to_subs":false,"_jetpack_newsletter_tier_id":0,"_jetpack_memberships_contains_paywalled_content":false,"_jetpack_memberships_contains_paid_content":false,"footnotes":""},"categories":[1],"tags":[],"class_list":["post-553","post","type-post","status-publish","format-standard","hentry","category-blog"],"jetpack_featured_media_url":"","jetpack_shortlink":"https:\/\/wp.me\/p5fzW5-8V","jetpack-related-posts":[],"jetpack_sharing_enabled":true,"_links":{"self":[{"href":"https:\/\/www.granadablogs.com\/juezcalatayud\/wp-json\/wp\/v2\/posts\/553","targetHints":{"allow":["GET"]}}],"collection":[{"href":"https:\/\/www.granadablogs.com\/juezcalatayud\/wp-json\/wp\/v2\/posts"}],"about":[{"href":"https:\/\/www.granadablogs.com\/juezcalatayud\/wp-json\/wp\/v2\/types\/post"}],"author":[{"embeddable":true,"href":"https:\/\/www.granadablogs.com\/juezcalatayud\/wp-json\/wp\/v2\/users\/3"}],"replies":[{"embeddable":true,"href":"https:\/\/www.granadablogs.com\/juezcalatayud\/wp-json\/wp\/v2\/comments?post=553"}],"version-history":[{"count":2,"href":"https:\/\/www.granadablogs.com\/juezcalatayud\/wp-json\/wp\/v2\/posts\/553\/revisions"}],"predecessor-version":[{"id":555,"href":"https:\/\/www.granadablogs.com\/juezcalatayud\/wp-json\/wp\/v2\/posts\/553\/revisions\/555"}],"wp:attachment":[{"href":"https:\/\/www.granadablogs.com\/juezcalatayud\/wp-json\/wp\/v2\/media?parent=553"}],"wp:term":[{"taxonomy":"category","embeddable":true,"href":"https:\/\/www.granadablogs.com\/juezcalatayud\/wp-json\/wp\/v2\/categories?post=553"},{"taxonomy":"post_tag","embeddable":true,"href":"https:\/\/www.granadablogs.com\/juezcalatayud\/wp-json\/wp\/v2\/tags?post=553"}],"curies":[{"name":"wp","href":"https:\/\/api.w.org\/{rel}","templated":true}]}}