{"id":5477,"date":"2016-12-20T21:35:35","date_gmt":"2016-12-20T19:35:35","guid":{"rendered":"http:\/\/www.granadablogs.com\/juezcalatayud\/?p=5477"},"modified":"2016-12-20T21:35:35","modified_gmt":"2016-12-20T19:35:35","slug":"el-dia-que-los-policias-aplauden-a-los-choricillos","status":"publish","type":"post","link":"https:\/\/www.granadablogs.com\/juezcalatayud\/2016\/12\/el-dia-que-los-policias-aplauden-a-los-choricillos\/","title":{"rendered":"El d\u00eda que los polic\u00edas aplauden a los &#8216;choricillos&#8217;"},"content":{"rendered":"<blockquote class=\"imgur-embed-pub\" lang=\"en\" data-id=\"a\/wC4RV\"><p><a href=\"https:\/\/imgur.com\/a\/wC4RV\">View post on imgur.com<\/a><\/p><\/blockquote>\n<p><script async src=\"\/\/s.imgur.com\/min\/embed.js\" charset=\"utf-8\"><\/script><\/p>\n<p>Buenas, soy Emilio Calatayud. Hoy hemos vivido una jornada muy especial en los juzgados y la fiscal\u00eda de Menores de Granada. Como cada a\u00f1o, el coro del centro de internamiento de menores infractores de Oria (Almer\u00eda) y del de Purchena (tambi\u00e9n en Almer\u00eda) ha venido a cantarnos unos cuantos villancicos y a traernos unos regalos. Como siempre, nos hemos re\u00eddo un mont\u00f3n y nos hemos emocionado todav\u00eda m\u00e1s. El coro est\u00e1 compuesto por educadores de Oria y Purchena, y por &#8216;choricillos&#8217; de varias nacionalidades y credos: musulmanes, rumanos, cristianos&#8230; Y el p\u00fablico, por todos los que trabajamos en los juzgados y la fiscal\u00eda de Menores de Granada, familiares de los ni\u00f1os y gente que estaba de paso, y al ver el l\u00edo, se queda a escuchar. Es un momento muy, muy especial y muy dif\u00edcil de explicar. As\u00ed que lo resumimos as\u00ed: es el d\u00eda que los polic\u00edas del Grupo de Menores de la Polic\u00eda Nacional y los guardias civiles que custodian los juzgados aplauden a los &#8216;choricillos&#8217;, que es un fen\u00f3meno raro de ver. Lo normal es que les persigan y los vigilen. Es\u00a0bonito es ver en los rostros de los familiares la alegr\u00eda al constatar que los chavales est\u00e1n bien y que no son tan desastre como cre\u00edan. Pero mejor a\u00fan es mirar las caras de los propios chicos, el gesto de sorpresa al comprobar que los que les persiguieron, acusaron y condenaron les aplauden. Pase lo que pase en el futuro con ellos, espero que guarden este d\u00eda en sus corazones, porque en los nuestros ya est\u00e1.<\/p>\n<p>Por cierto, otros ni\u00f1os, los del centro de Internamiento de San Miguel de Granada nos han regalado un Bel\u00e9n precioso, que es el que aparece en la imagen que adorna este comentario. \u00a0El motivo central es el propio centro, un edificio muy t\u00edpico que est\u00e1 en lo alto de mi barrio, el Albaic\u00edn. Feliz Navidad.<\/p>\n<p>&nbsp;<\/p>\n","protected":false},"excerpt":{"rendered":"<p>Buenas, soy Emilio Calatayud. Hoy hemos vivido una jornada muy especial en los juzgados y la fiscal\u00eda de Menores de Granada. Como cada a\u00f1o, el coro del centro de internamiento de menores infractores de Oria (Almer\u00eda) y del de Purchena (tambi\u00e9n en Almer\u00eda) ha venido a cantarnos unos cuantos villancicos y a traernos unos regalos. [&hellip;]<\/p>\n","protected":false},"author":2,"featured_media":0,"comment_status":"open","ping_status":"open","sticky":false,"template":"","format":"standard","meta":{"jetpack_post_was_ever_published":false,"_jetpack_newsletter_access":"","_jetpack_dont_email_post_to_subs":false,"_jetpack_newsletter_tier_id":0,"_jetpack_memberships_contains_paywalled_content":false,"_jetpack_memberships_contains_paid_content":false,"footnotes":""},"categories":[1],"tags":[1656,534,330],"class_list":["post-5477","post","type-post","status-publish","format-standard","hentry","category-blog","tag-choricillos","tag-coro","tag-policia"],"jetpack_featured_media_url":"","jetpack_shortlink":"https:\/\/wp.me\/p5fzW5-1ql","jetpack-related-posts":[],"jetpack_sharing_enabled":true,"_links":{"self":[{"href":"https:\/\/www.granadablogs.com\/juezcalatayud\/wp-json\/wp\/v2\/posts\/5477","targetHints":{"allow":["GET"]}}],"collection":[{"href":"https:\/\/www.granadablogs.com\/juezcalatayud\/wp-json\/wp\/v2\/posts"}],"about":[{"href":"https:\/\/www.granadablogs.com\/juezcalatayud\/wp-json\/wp\/v2\/types\/post"}],"author":[{"embeddable":true,"href":"https:\/\/www.granadablogs.com\/juezcalatayud\/wp-json\/wp\/v2\/users\/2"}],"replies":[{"embeddable":true,"href":"https:\/\/www.granadablogs.com\/juezcalatayud\/wp-json\/wp\/v2\/comments?post=5477"}],"version-history":[{"count":3,"href":"https:\/\/www.granadablogs.com\/juezcalatayud\/wp-json\/wp\/v2\/posts\/5477\/revisions"}],"predecessor-version":[{"id":5480,"href":"https:\/\/www.granadablogs.com\/juezcalatayud\/wp-json\/wp\/v2\/posts\/5477\/revisions\/5480"}],"wp:attachment":[{"href":"https:\/\/www.granadablogs.com\/juezcalatayud\/wp-json\/wp\/v2\/media?parent=5477"}],"wp:term":[{"taxonomy":"category","embeddable":true,"href":"https:\/\/www.granadablogs.com\/juezcalatayud\/wp-json\/wp\/v2\/categories?post=5477"},{"taxonomy":"post_tag","embeddable":true,"href":"https:\/\/www.granadablogs.com\/juezcalatayud\/wp-json\/wp\/v2\/tags?post=5477"}],"curies":[{"name":"wp","href":"https:\/\/api.w.org\/{rel}","templated":true}]}}