{"id":547,"date":"2010-03-16T20:07:45","date_gmt":"2010-03-16T19:07:45","guid":{"rendered":"http:\/\/www.granadablogs.com\/juezcalatayud\/?p=547"},"modified":"2010-03-16T20:07:45","modified_gmt":"2010-03-16T19:07:45","slug":"el-defensor-del-menor-de-madrid-se-infiltra-en-una-red-social","status":"publish","type":"post","link":"https:\/\/www.granadablogs.com\/juezcalatayud\/2010\/03\/el-defensor-del-menor-de-madrid-se-infiltra-en-una-red-social\/","title":{"rendered":"El Defensor del Menor de Madrid &#8216;se infiltra&#8217; en una red social"},"content":{"rendered":"<p>El Defensor del Menor de Madrid, Arturo Canalda, ha admitido que se cre\u00f3 un perfil en la red social Tuenti para ver de qu\u00e9 iba eso. Los de Tuenti ha respondido, un pel\u00edn mosqueados, que le van a dar de baja, porque quieren que sus asociados den la cara y se &#8216;apunten&#8217; con nombres y apellidos. A su vez, el Defensor ha replicado que ya no tiene la cuenta&#8230;, que se &#8216;sali\u00f3&#8217; hace un par de a\u00f1os. M\u00e1s all\u00e1 de la an\u00e9cdota, la iniciativa de Canalda -que me imagino yo que ya habr\u00e1n tenido otros muchos padres, lo que pasa es que \u00e9l lo ha dicho- plantea un interesante debate entre el derecho a la privacidad de los ni\u00f1os y el deber de los padres de velar por sus hijos. \u00bfQu\u00e9 prima? \u00bfPodemos &#8216;espiar&#8217; a nuestros hijos para protegerlos? Si se hace en la realidad (hay incluso quien contrata detectives y no parece que est\u00e9 prohibido), \u00bfpor qu\u00e9 no en el mundo virtual? En todo caso, una controversia apasionante, ya digo.<\/p>\n","protected":false},"excerpt":{"rendered":"<p>El Defensor del Menor de Madrid, Arturo Canalda, ha admitido que se cre\u00f3 un perfil en la red social Tuenti para ver de qu\u00e9 iba eso. Los de Tuenti ha respondido, un pel\u00edn mosqueados, que le van a dar de baja, porque quieren que sus asociados den la cara y se &#8216;apunten&#8217; con nombres y [&hellip;]<\/p>\n","protected":false},"author":3,"featured_media":0,"comment_status":"open","ping_status":"open","sticky":false,"template":"","format":"standard","meta":{"jetpack_post_was_ever_published":false,"_jetpack_newsletter_access":"","_jetpack_dont_email_post_to_subs":false,"_jetpack_newsletter_tier_id":0,"_jetpack_memberships_contains_paywalled_content":false,"_jetpack_memberships_contains_paid_content":false,"footnotes":""},"categories":[1],"tags":[143,142],"class_list":["post-547","post","type-post","status-publish","format-standard","hentry","category-blog","tag-privacidad","tag-tuenti"],"jetpack_featured_media_url":"","jetpack_shortlink":"https:\/\/wp.me\/p5fzW5-8P","jetpack-related-posts":[],"jetpack_sharing_enabled":true,"_links":{"self":[{"href":"https:\/\/www.granadablogs.com\/juezcalatayud\/wp-json\/wp\/v2\/posts\/547","targetHints":{"allow":["GET"]}}],"collection":[{"href":"https:\/\/www.granadablogs.com\/juezcalatayud\/wp-json\/wp\/v2\/posts"}],"about":[{"href":"https:\/\/www.granadablogs.com\/juezcalatayud\/wp-json\/wp\/v2\/types\/post"}],"author":[{"embeddable":true,"href":"https:\/\/www.granadablogs.com\/juezcalatayud\/wp-json\/wp\/v2\/users\/3"}],"replies":[{"embeddable":true,"href":"https:\/\/www.granadablogs.com\/juezcalatayud\/wp-json\/wp\/v2\/comments?post=547"}],"version-history":[{"count":2,"href":"https:\/\/www.granadablogs.com\/juezcalatayud\/wp-json\/wp\/v2\/posts\/547\/revisions"}],"predecessor-version":[{"id":549,"href":"https:\/\/www.granadablogs.com\/juezcalatayud\/wp-json\/wp\/v2\/posts\/547\/revisions\/549"}],"wp:attachment":[{"href":"https:\/\/www.granadablogs.com\/juezcalatayud\/wp-json\/wp\/v2\/media?parent=547"}],"wp:term":[{"taxonomy":"category","embeddable":true,"href":"https:\/\/www.granadablogs.com\/juezcalatayud\/wp-json\/wp\/v2\/categories?post=547"},{"taxonomy":"post_tag","embeddable":true,"href":"https:\/\/www.granadablogs.com\/juezcalatayud\/wp-json\/wp\/v2\/tags?post=547"}],"curies":[{"name":"wp","href":"https:\/\/api.w.org\/{rel}","templated":true}]}}