{"id":5386,"date":"2016-11-17T22:00:57","date_gmt":"2016-11-17T20:00:57","guid":{"rendered":"http:\/\/www.granadablogs.com\/juezcalatayud\/?p=5386"},"modified":"2016-11-17T22:00:57","modified_gmt":"2016-11-17T20:00:57","slug":"condenan-a-dos-adolescentes-por-inventarse-que-habia-sido-violadas","status":"publish","type":"post","link":"https:\/\/www.granadablogs.com\/juezcalatayud\/2016\/11\/condenan-a-dos-adolescentes-por-inventarse-que-habia-sido-violadas\/","title":{"rendered":"Condenan a dos adolescentes por inventarse que hab\u00eda sido violadas"},"content":{"rendered":"<p>Aqu\u00ed os dejamos una historia que ha ocurrido en Granada y que creemos que puede ser de vuestro inter\u00e9s. Los acontecimientos se desarrollaron de la siguiente forma: un &#8216;mal&#8217; d\u00eda de principios este mismo a\u00f1o 2016, dos adolescentes de la capital tuvieron la p\u00e9sima ocurrencia de denunciar ante la Polic\u00eda Nacional que hab\u00edan sido violadas por dos j\u00f3venes que, previamente, las hab\u00edan amenazado. Se daba la circunstancia de que uno de los supuestos agresores sexuales era el novio de una de las v\u00edctimas ficticias, un detalle este de notable importancia para &#8216;comprender&#8217; el comportamiento de las muchachas y, por ende, para la resoluci\u00f3n del caso.<\/p>\n<p>Afortunadamente, las chicas no tardaron en rectificar y acabaron por admitir ante los agentes que las atendieron en comisar\u00eda que todo lo\u00a0que hab\u00edan contado era una completa fabulaci\u00f3n, que se hab\u00edan inventado la violaci\u00f3n por los celos que sent\u00eda una de ellas. \u00abLas menores (&#8230;) denunciaron ante la Polic\u00eda Nacional, a sabiendas de estar faltando a la verdad, haber sido objeto de agresiones sexuales por parte de dos individuos que las hab\u00edan amenazado, identific\u00e1ndolos (&#8230;), si bien reconocieron finalmente que los hechos no eran ciertos, que hab\u00edan mentido por celos, ya que (uno de los denunciados) era novio de una de ellas\u00bb, relata la sentencia lo que ocurri\u00f3 para que las presuntas v\u00edctimas acabaran siendo acusadas.<\/p>\n<p>En este sentido, las adolescentes se conformaron con la petici\u00f3n de la fiscal\u00eda, que reclamaba para cada una de ellas doce meses de libertad vigilada,<\/p>\n","protected":false},"excerpt":{"rendered":"<p>Aqu\u00ed os dejamos una historia que ha ocurrido en Granada y que creemos que puede ser de vuestro inter\u00e9s. Los acontecimientos se desarrollaron de la siguiente forma: un &#8216;mal&#8217; d\u00eda de principios este mismo a\u00f1o 2016, dos adolescentes de la capital tuvieron la p\u00e9sima ocurrencia de denunciar ante la Polic\u00eda Nacional que hab\u00edan sido violadas [&hellip;]<\/p>\n","protected":false},"author":3,"featured_media":0,"comment_status":"open","ping_status":"open","sticky":false,"template":"","format":"standard","meta":{"jetpack_post_was_ever_published":false,"_jetpack_newsletter_access":"","_jetpack_dont_email_post_to_subs":false,"_jetpack_newsletter_tier_id":0,"_jetpack_memberships_contains_paywalled_content":false,"_jetpack_memberships_contains_paid_content":false,"footnotes":""},"categories":[1],"tags":[1635,144],"class_list":["post-5386","post","type-post","status-publish","format-standard","hentry","category-blog","tag-inventada","tag-violacion"],"jetpack_featured_media_url":"","jetpack_shortlink":"https:\/\/wp.me\/p5fzW5-1oS","jetpack-related-posts":[],"jetpack_sharing_enabled":true,"_links":{"self":[{"href":"https:\/\/www.granadablogs.com\/juezcalatayud\/wp-json\/wp\/v2\/posts\/5386","targetHints":{"allow":["GET"]}}],"collection":[{"href":"https:\/\/www.granadablogs.com\/juezcalatayud\/wp-json\/wp\/v2\/posts"}],"about":[{"href":"https:\/\/www.granadablogs.com\/juezcalatayud\/wp-json\/wp\/v2\/types\/post"}],"author":[{"embeddable":true,"href":"https:\/\/www.granadablogs.com\/juezcalatayud\/wp-json\/wp\/v2\/users\/3"}],"replies":[{"embeddable":true,"href":"https:\/\/www.granadablogs.com\/juezcalatayud\/wp-json\/wp\/v2\/comments?post=5386"}],"version-history":[{"count":1,"href":"https:\/\/www.granadablogs.com\/juezcalatayud\/wp-json\/wp\/v2\/posts\/5386\/revisions"}],"predecessor-version":[{"id":5387,"href":"https:\/\/www.granadablogs.com\/juezcalatayud\/wp-json\/wp\/v2\/posts\/5386\/revisions\/5387"}],"wp:attachment":[{"href":"https:\/\/www.granadablogs.com\/juezcalatayud\/wp-json\/wp\/v2\/media?parent=5386"}],"wp:term":[{"taxonomy":"category","embeddable":true,"href":"https:\/\/www.granadablogs.com\/juezcalatayud\/wp-json\/wp\/v2\/categories?post=5386"},{"taxonomy":"post_tag","embeddable":true,"href":"https:\/\/www.granadablogs.com\/juezcalatayud\/wp-json\/wp\/v2\/tags?post=5386"}],"curies":[{"name":"wp","href":"https:\/\/api.w.org\/{rel}","templated":true}]}}