{"id":5200,"date":"2016-09-28T20:34:26","date_gmt":"2016-09-28T18:34:26","guid":{"rendered":"http:\/\/www.granadablogs.com\/juezcalatayud\/?p=5200"},"modified":"2016-09-28T20:34:26","modified_gmt":"2016-09-28T18:34:26","slug":"como-tener-hijos-adolescentes-e-internautas-y-no-morir-en-el-intento","status":"publish","type":"post","link":"https:\/\/www.granadablogs.com\/juezcalatayud\/2016\/09\/como-tener-hijos-adolescentes-e-internautas-y-no-morir-en-el-intento\/","title":{"rendered":"C\u00f3mo tener hijos adolescentes e internautas y no morir en el intento"},"content":{"rendered":"<p>Este 29 de septiembre,\u00a0la Escuela de Padres de IDEAL, una iniciativa que coordina don Emilio, reabre sus puertas con una tema de palpitante actualidad: &#8216;Los chavales y las redes sociales&#8217; o por decirlo de otra forma: &#8216;C\u00f3mo tener hijos adolescentes e internautas y no morir en el intento&#8217;. Ser\u00e1 en Granada, en el Teatro CajaGranada, a partir de las ocho de la tarde (entrada libre hasta completar aforo) y consistir\u00e1 en un mano a mano entre el juez Emilio Calatayud y \u00c1ngel Pablo Avil\u00e9s, que es un \u00e1ngel de la guarda, valga la redundancia, para los ni\u00f1os y adolescentes que navegan por eso oc\u00e9ano incierto que es Internet. Bueno, en realidad, es un &#8216;Angelucho&#8217; de la guarda, que es como le gusta que le llamen. He aqu\u00ed un ejemplo de su labor. \u00abSobre todo, como padres, nos ocuparemos de que las normas de educaci\u00f3n y convivencia que desde muy peque\u00f1os les hemos inculcado tambi\u00e9n las cumplen en Internet a trav\u00e9s de sus perfiles en redes sociales, desde los que no acosar\u00e1n a otros chavales y en caso de ser acosados, o cuando conozcan de un acoso, r\u00e1pido actuar\u00e1n poni\u00e9ndolo en conocimiento de un padre o profesor, que resolver\u00e1 el conflicto como adulto al haber superado, cum laude, la asignatura de &#8216;ciberpadres o ciberprofes&#8217;, estos \u00faltimos plenamente conscientes de que las actividades de sus alumnos, en estos tiempos tan tecnol\u00f3gicos, van m\u00e1s all\u00e1 del tiempo de descanso y recreo\u00bb. Este p\u00e1rrafo ha sido extra\u00eddo de \u00abEl blog de Angelucho\u00bb (elblogdeangelucho.com\/elblogdeangelucho), un sitio que ha recibido numerosos premios y es de visita obligada para todas aquellas familias que est\u00e9n interesadas en viajar por la red con el cintur\u00f3n de seguridad puesto.<\/p>\n<p>Angelucho es tambi\u00e9n un \u00e1ngel de la Guardia&#8230; Civil, de hecho es uno de los mayores expertos en &#8216;cibercrimen&#8217; del instituto armado y desarrolla su labor profesional en la Unidad Central Operativa (UCO) del cuerpo.<\/p>\n","protected":false},"excerpt":{"rendered":"<p>Este 29 de septiembre,\u00a0la Escuela de Padres de IDEAL, una iniciativa que coordina don Emilio, reabre sus puertas con una tema de palpitante actualidad: &#8216;Los chavales y las redes sociales&#8217; o por decirlo de otra forma: &#8216;C\u00f3mo tener hijos adolescentes e internautas y no morir en el intento&#8217;. Ser\u00e1 en Granada, en el Teatro CajaGranada, [&hellip;]<\/p>\n","protected":false},"author":3,"featured_media":0,"comment_status":"open","ping_status":"open","sticky":false,"template":"","format":"standard","meta":{"jetpack_post_was_ever_published":false,"_jetpack_newsletter_access":"","_jetpack_dont_email_post_to_subs":false,"_jetpack_newsletter_tier_id":0,"_jetpack_memberships_contains_paywalled_content":false,"_jetpack_memberships_contains_paid_content":false,"footnotes":""},"categories":[1],"tags":[89,531,90],"class_list":["post-5200","post","type-post","status-publish","format-standard","hentry","category-blog","tag-escuela","tag-ideal","tag-padres"],"jetpack_featured_media_url":"","jetpack_shortlink":"https:\/\/wp.me\/p5fzW5-1lS","jetpack-related-posts":[],"jetpack_sharing_enabled":true,"_links":{"self":[{"href":"https:\/\/www.granadablogs.com\/juezcalatayud\/wp-json\/wp\/v2\/posts\/5200","targetHints":{"allow":["GET"]}}],"collection":[{"href":"https:\/\/www.granadablogs.com\/juezcalatayud\/wp-json\/wp\/v2\/posts"}],"about":[{"href":"https:\/\/www.granadablogs.com\/juezcalatayud\/wp-json\/wp\/v2\/types\/post"}],"author":[{"embeddable":true,"href":"https:\/\/www.granadablogs.com\/juezcalatayud\/wp-json\/wp\/v2\/users\/3"}],"replies":[{"embeddable":true,"href":"https:\/\/www.granadablogs.com\/juezcalatayud\/wp-json\/wp\/v2\/comments?post=5200"}],"version-history":[{"count":1,"href":"https:\/\/www.granadablogs.com\/juezcalatayud\/wp-json\/wp\/v2\/posts\/5200\/revisions"}],"predecessor-version":[{"id":5201,"href":"https:\/\/www.granadablogs.com\/juezcalatayud\/wp-json\/wp\/v2\/posts\/5200\/revisions\/5201"}],"wp:attachment":[{"href":"https:\/\/www.granadablogs.com\/juezcalatayud\/wp-json\/wp\/v2\/media?parent=5200"}],"wp:term":[{"taxonomy":"category","embeddable":true,"href":"https:\/\/www.granadablogs.com\/juezcalatayud\/wp-json\/wp\/v2\/categories?post=5200"},{"taxonomy":"post_tag","embeddable":true,"href":"https:\/\/www.granadablogs.com\/juezcalatayud\/wp-json\/wp\/v2\/tags?post=5200"}],"curies":[{"name":"wp","href":"https:\/\/api.w.org\/{rel}","templated":true}]}}