{"id":502,"date":"2010-02-12T18:59:08","date_gmt":"2010-02-12T17:59:08","guid":{"rendered":"http:\/\/www.granadablogs.com\/juezcalatayud\/?p=502"},"modified":"2010-02-12T19:00:01","modified_gmt":"2010-02-12T18:00:01","slug":"twitter-y-don-emilio","status":"publish","type":"post","link":"https:\/\/www.granadablogs.com\/juezcalatayud\/2010\/02\/twitter-y-don-emilio\/","title":{"rendered":"Twitter y don Emilio"},"content":{"rendered":"<p><span style=\"font-family:arial;\">El Juez Calatayud es una de las referencias a la hora de comprender el fen\u00f3meno de las redes sociales, los menores, la educaci\u00f3n&#8230;<\/span><\/p>\n<p><span style=\"font-family:arial;\">Esta tarde ha dado una conferencia. Alicia Baidal, una de las m\u00e1s prominentes twitteras espa\u00f1olas, la ha seguido y la tuiteado. Este es el m\u00e1s que interesante resultado del uso de una herramienta de microblogging para difundir las perlas de una conferencia.<\/span><\/p>\n<p><span style=\"font-family:arial;\">Twitter, en estos momentos,<\/span><a style=\"FONT-FAMILY: arial\" href=\"http:\/\/twitter.com\/adelgado\/status\/9004928156\"> no se sabe muy bien<\/a><span style=\"font-family:arial;\"> si es una red social o un micromedio de comunicaci\u00f3n.<\/span><\/p>\n<p><span style=\"font-family:arial;\">Por una vez, juzguen ustedes.<\/span><\/p>\n<p><a style=\"FONT-FAMILY: arial\" href=\"http:\/\/2.bp.blogspot.com\/_KJp2qHpEpUU\/S3WO0nXc5cI\/AAAAAAAACKk\/18a0OemiVeQ\/s1600-h\/ALibaimor+y+Calatayud.JPG\" onblur=\"try {parent.deselectBloggerImageGracefully();} catch(e) {}\"><img decoding=\"async\" id=\"BLOGGER_PHOTO_ID_5437409159691429314\" style=\"display: block; margin: 0px auto 10px; width: 320px; cursor: pointer; height: 200px; text-align: center;\" src=\"http:\/\/2.bp.blogspot.com\/_KJp2qHpEpUU\/S3WO0nXc5cI\/AAAAAAAACKk\/18a0OemiVeQ\/s320\/ALibaimor+y+Calatayud.JPG\" border=\"0\" alt=\"\" \/><\/a><br \/>\n<span class=\"status-body\" style=\"font-family:arial;\"><span class=\"entry-content\"><span style=\"text-decoration: underline;\"><br \/>\n<\/span>.-\u00ab<a href=\"http:\/\/twitter.com\/Alibaimor\/status\/9003421715\">Me voy con el Juez de Menores de Granada, que nos hablar\u00e1 de la protecci\u00f3n de la infancia ante los medios y las nuevas tecnolog\u00edas. See you<\/a><\/span><\/span><a style=\"FONT-FAMILY: arial\" href=\"http:\/\/twitter.com\/Alibaimor\/status\/9003421715\">\u00ab.<\/a><\/p>\n<p><span style=\"font-family:arial;\">.-<\/span><a style=\"FONT-FAMILY: arial\" href=\"http:\/\/twitter.com\/Alibaimor\/status\/9007119208\">\u00ab<span class=\"status-body\"><span class=\"entry-content\">Qu\u00e9 cercano, clarito y llano es el Juez de Menores de Granada. El &#8216;pero&#8217;: que nos tiene una tirria a los medios que pa qu\u00e9\u00bb.<\/span><\/span><\/a><\/p>\n<p><span style=\"font-family:arial;\">.-<\/span><span class=\"status-body\" style=\"font-family:arial;\"><span class=\"entry-content\">RT @<a class=\"tweet-url username\" href=\"http:\/\/twitter.com\/institucionsek\">institucionsek<\/a>: <a href=\"http:\/\/twitter.com\/Alibaimor\/status\/9007274602\">\u00abLos mmcc han trasladado a la sociedad q por ser menores no os va a a pasar nada. Los medios os enga\u00f1an\u00bb (E. Calatayud)\u00bb.<\/a><\/span><\/span><span class=\"status-body\" style=\"font-family:arial;\"><span class=\"entry-content\">@<a class=\"tweet-url username\" href=\"http:\/\/twitter.com\/forza4\">forza4<\/a> <a href=\"http:\/\/twitter.com\/Alibaimor\/status\/9007367945\">ha dicho q los medios venden una imagen de impunidad frente a los delitos de menores, pero no me ha sabido decir con qu\u00e9 finalidad.<\/a><\/span><\/span><\/p>\n<p>.-<\/p>\n<p><span style=\"font-family:arial;\">.-<\/span><span class=\"status-body\" style=\"font-family:arial;\"><span class=\"entry-content\">@<a class=\"tweet-url username\" href=\"http:\/\/twitter.com\/forza4\">forza4<\/a> <a href=\"http:\/\/twitter.com\/Alibaimor\/status\/9007725435\">exacto. Pues eso quer\u00eda saber yo, qu\u00e9 inter\u00e9s pueden tener los medios en algo as\u00ed<\/a><\/span><\/span><\/p>\n<p><span style=\"font-family:arial;\">.-<\/span><a style=\"FONT-FAMILY: arial\" href=\"http:\/\/twitter.com\/Alibaimor\/status\/9011266841\"><span class=\"status-body\"><span class=\"entry-content\">\u00abUna chica de 13 a\u00f1os es libre de mantener relaciones sexuales, pero no puede darse de alta en Tuenti\u00bb (Emilio Calatayud)<\/span><\/span><\/a><\/p>\n<p><span style=\"font-family:arial;\">.-<\/span><span class=\"status-body\" style=\"font-family:arial;\"><span class=\"entry-content\">RT @<a class=\"tweet-url username\" href=\"http:\/\/twitter.com\/institucionsek\">institucionsek<\/a>: \u00ab<a href=\"http:\/\/twitter.com\/Alibaimor\/status\/9011815193\">Los mmcc se empe\u00f1an en decir que la ley del menor es muy blanda porque hablan sin hab\u00e9rsela leido\u00bb (Emilio Calatayud)<\/a><\/span><\/span><\/p>\n<p><span style=\"font-family:arial;\">.-<\/span><span class=\"status-body\" style=\"font-family:arial;\"><span class=\"entry-content\">RT @<a class=\"tweet-url username\" href=\"http:\/\/twitter.com\/institucionsek\">institucionsek<\/a>: \u00ab<a href=\"http:\/\/twitter.com\/Alibaimor\/status\/9012203290\">Un menor solo puede tener un ordenador tonto: de copiar, pegar y guardar como. El Internet para el comedor\u00bb (Calatayud)<\/a><\/span><\/span><\/p>\n<p><span style=\"font-family:arial;\">&#8212;&#8212;&#8211;<\/span><br \/>\n<span style=\"font-family:arial;\">Alicia Baidal <\/span><a style=\"FONT-FAMILY: arial\" href=\"http:\/\/www.twitter.com\/alibaimor\">http:\/\/www.twitter.com\/alibaimor<\/a><span style=\"font-family:arial;\">, <\/span><a style=\"FONT-FAMILY: arial\" href=\"http:\/\/alibaimor.lacoctelera.net\/\">tiene un blog que se llama Veo Veo<\/a><span style=\"font-family:arial;\"> y es miembro de <\/span><a style=\"FONT-FAMILY: arial\" href=\"http:\/\/www.1001medios.es\/\">1001 Medios<\/a><span style=\"font-family:arial;\">. Laboratorio Permanente de Comunicaci\u00f3n.<\/span> <span style=\"font-family:arial;\">En esta p\u00e1gina aparece en la foto superior, d\u00e1ndole al port\u00e1til en un reportaje publicado en V, el suplemento diario de los regionales de Vocento. El reportaje se titulaba: <a href=\"http:\/\/www.ideal.es\/almeria\/20091221\/sociedad\/sofia-tiene-amig-20091221.html\">http:\/\/www.ideal.es\/almeria\/20091221\/sociedad\/sofia-tiene-amig-20091221.html&#8217;<\/a>.<\/span><\/p>\n<p>\u00a0<\/p>\n<p><a href=\"http:\/\/2.bp.blogspot.com\/_KJp2qHpEpUU\/S3WTo0NrHDI\/AAAAAAAACKs\/OOijQKjwjSo\/s1600-h\/P1100761.JPG\" onblur=\"try {parent.deselectBloggerImageGracefully();} catch(e) {}\"><img decoding=\"async\" id=\"BLOGGER_PHOTO_ID_5437414454539787314\" style=\"display: block; margin: 0px auto 10px; width: 320px; cursor: pointer; height: 240px; text-align: center;\" src=\"http:\/\/2.bp.blogspot.com\/_KJp2qHpEpUU\/S3WTo0NrHDI\/AAAAAAAACKs\/OOijQKjwjSo\/s320\/P1100761.JPG\" border=\"0\" alt=\"\" \/><\/a><\/p>\n<p>V\u00eda <a href=\"http:\/\/periodismoalpilpil.blogspot.com\/2010\/02\/twitter-y-el-juez-calatayud.html\">Periodismo al Pil Pil.<\/a><\/p>\n","protected":false},"excerpt":{"rendered":"<p>El Juez Calatayud es una de las referencias a la hora de comprender el fen\u00f3meno de las redes sociales, los menores, la educaci\u00f3n&#8230; Esta tarde ha dado una conferencia. Alicia Baidal, una de las m\u00e1s prominentes twitteras espa\u00f1olas, la ha seguido y la tuiteado. Este es el m\u00e1s que interesante resultado del uso de una [&hellip;]<\/p>\n","protected":false},"author":2,"featured_media":0,"comment_status":"open","ping_status":"open","sticky":false,"template":"","format":"standard","meta":{"jetpack_post_was_ever_published":false,"_jetpack_newsletter_access":"","_jetpack_dont_email_post_to_subs":false,"_jetpack_newsletter_tier_id":0,"_jetpack_memberships_contains_paywalled_content":false,"_jetpack_memberships_contains_paid_content":false,"footnotes":""},"categories":[1],"tags":[134],"class_list":["post-502","post","type-post","status-publish","format-standard","hentry","category-blog","tag-twitter"],"jetpack_featured_media_url":"","jetpack_shortlink":"https:\/\/wp.me\/p5fzW5-86","jetpack-related-posts":[],"jetpack_sharing_enabled":true,"_links":{"self":[{"href":"https:\/\/www.granadablogs.com\/juezcalatayud\/wp-json\/wp\/v2\/posts\/502","targetHints":{"allow":["GET"]}}],"collection":[{"href":"https:\/\/www.granadablogs.com\/juezcalatayud\/wp-json\/wp\/v2\/posts"}],"about":[{"href":"https:\/\/www.granadablogs.com\/juezcalatayud\/wp-json\/wp\/v2\/types\/post"}],"author":[{"embeddable":true,"href":"https:\/\/www.granadablogs.com\/juezcalatayud\/wp-json\/wp\/v2\/users\/2"}],"replies":[{"embeddable":true,"href":"https:\/\/www.granadablogs.com\/juezcalatayud\/wp-json\/wp\/v2\/comments?post=502"}],"version-history":[{"count":3,"href":"https:\/\/www.granadablogs.com\/juezcalatayud\/wp-json\/wp\/v2\/posts\/502\/revisions"}],"predecessor-version":[{"id":505,"href":"https:\/\/www.granadablogs.com\/juezcalatayud\/wp-json\/wp\/v2\/posts\/502\/revisions\/505"}],"wp:attachment":[{"href":"https:\/\/www.granadablogs.com\/juezcalatayud\/wp-json\/wp\/v2\/media?parent=502"}],"wp:term":[{"taxonomy":"category","embeddable":true,"href":"https:\/\/www.granadablogs.com\/juezcalatayud\/wp-json\/wp\/v2\/categories?post=502"},{"taxonomy":"post_tag","embeddable":true,"href":"https:\/\/www.granadablogs.com\/juezcalatayud\/wp-json\/wp\/v2\/tags?post=502"}],"curies":[{"name":"wp","href":"https:\/\/api.w.org\/{rel}","templated":true}]}}