{"id":4848,"date":"2016-06-08T23:31:56","date_gmt":"2016-06-08T21:31:56","guid":{"rendered":"http:\/\/www.granadablogs.com\/juezcalatayud\/?p=4848"},"modified":"2016-06-08T23:31:56","modified_gmt":"2016-06-08T21:31:56","slug":"pedro-garcia-aguado-recibi-amenazas-por-criticar-el-botellon-en-el-programa-la-caja","status":"publish","type":"post","link":"https:\/\/www.granadablogs.com\/juezcalatayud\/2016\/06\/pedro-garcia-aguado-recibi-amenazas-por-criticar-el-botellon-en-el-programa-la-caja\/","title":{"rendered":"Pedro Garc\u00eda Aguado: \u00abRecib\u00ed amenazas por criticar el botell\u00f3n en el programa &#8216;La Caja'\u00bb"},"content":{"rendered":"<p>Hola, soy Carlos Mor\u00e1n, el periodista compa\u00f1ero de blog de don Emilio. A esta hora tan tard\u00eda ha acabado el di\u00e1logo-entrevista que han mantenido en Granada don Emilio y Pedro Garc\u00eda Aguado en la Escuela de Padres de IDEAL.<\/p>\n<p>Aqu\u00ed va un muy somero resumen de algunas de las cosas que ha comentado Pedro. Ha dedicado bastante tiempo a hablar del programa televisivo &#8216;La Caja&#8217;, que sirvi\u00f3 para que media Espa\u00f1a conociera el sindi\u00f3s que era el botell\u00f3n de la primavera de Granada. En este sentido, ha dicho que \u00abrecib\u00ed amenazas\u00bb tras la emisi\u00f3n del programa. \u00abMe dec\u00edan a trav\u00e9s de las redes, &#8216;claro como tu fuiste alcoh\u00f3lico te jode no poder beber y por eso has hecho ese programa&#8217;. Tambi\u00e9n me dijeron drogadicto&#8230; Nunca quise criminalizar a la juventud de Granada, sino empujarles para que exigieran una forma de divertirse digna, porque el botell\u00f3n no lo es\u00bb.<\/p>\n","protected":false},"excerpt":{"rendered":"<p>Hola, soy Carlos Mor\u00e1n, el periodista compa\u00f1ero de blog de don Emilio. A esta hora tan tard\u00eda ha acabado el di\u00e1logo-entrevista que han mantenido en Granada don Emilio y Pedro Garc\u00eda Aguado en la Escuela de Padres de IDEAL. Aqu\u00ed va un muy somero resumen de algunas de las cosas que ha comentado Pedro. Ha [&hellip;]<\/p>\n","protected":false},"author":3,"featured_media":0,"comment_status":"open","ping_status":"open","sticky":false,"template":"","format":"standard","meta":{"jetpack_post_was_ever_published":false,"_jetpack_newsletter_access":"","_jetpack_dont_email_post_to_subs":false,"_jetpack_newsletter_tier_id":0,"_jetpack_memberships_contains_paywalled_content":false,"_jetpack_memberships_contains_paid_content":false,"footnotes":""},"categories":[1],"tags":[1468,1467,89],"class_list":["post-4848","post","type-post","status-publish","format-standard","hentry","category-blog","tag-de-ideal","tag-de-padres","tag-escuela"],"jetpack_featured_media_url":"","jetpack_shortlink":"https:\/\/wp.me\/p5fzW5-1gc","jetpack-related-posts":[],"jetpack_sharing_enabled":true,"_links":{"self":[{"href":"https:\/\/www.granadablogs.com\/juezcalatayud\/wp-json\/wp\/v2\/posts\/4848","targetHints":{"allow":["GET"]}}],"collection":[{"href":"https:\/\/www.granadablogs.com\/juezcalatayud\/wp-json\/wp\/v2\/posts"}],"about":[{"href":"https:\/\/www.granadablogs.com\/juezcalatayud\/wp-json\/wp\/v2\/types\/post"}],"author":[{"embeddable":true,"href":"https:\/\/www.granadablogs.com\/juezcalatayud\/wp-json\/wp\/v2\/users\/3"}],"replies":[{"embeddable":true,"href":"https:\/\/www.granadablogs.com\/juezcalatayud\/wp-json\/wp\/v2\/comments?post=4848"}],"version-history":[{"count":1,"href":"https:\/\/www.granadablogs.com\/juezcalatayud\/wp-json\/wp\/v2\/posts\/4848\/revisions"}],"predecessor-version":[{"id":4849,"href":"https:\/\/www.granadablogs.com\/juezcalatayud\/wp-json\/wp\/v2\/posts\/4848\/revisions\/4849"}],"wp:attachment":[{"href":"https:\/\/www.granadablogs.com\/juezcalatayud\/wp-json\/wp\/v2\/media?parent=4848"}],"wp:term":[{"taxonomy":"category","embeddable":true,"href":"https:\/\/www.granadablogs.com\/juezcalatayud\/wp-json\/wp\/v2\/categories?post=4848"},{"taxonomy":"post_tag","embeddable":true,"href":"https:\/\/www.granadablogs.com\/juezcalatayud\/wp-json\/wp\/v2\/tags?post=4848"}],"curies":[{"name":"wp","href":"https:\/\/api.w.org\/{rel}","templated":true}]}}