{"id":4838,"date":"2016-06-06T21:09:57","date_gmt":"2016-06-06T19:09:57","guid":{"rendered":"http:\/\/www.granadablogs.com\/juezcalatayud\/?p=4838"},"modified":"2016-06-06T21:09:57","modified_gmt":"2016-06-06T19:09:57","slug":"condenan-por-atentado-a-un-menor-que-mando-callar-a-su-profesora-en-mitad-de-una-clase","status":"publish","type":"post","link":"https:\/\/www.granadablogs.com\/juezcalatayud\/2016\/06\/condenan-por-atentado-a-un-menor-que-mando-callar-a-su-profesora-en-mitad-de-una-clase\/","title":{"rendered":"Condenan por atentado a un menor que mand\u00f3 callar a su profesora en mitad de una clase"},"content":{"rendered":"<p>Aqu\u00ed os dejamos una noticia que creemos que os puede interesar, sobre todo, a los maestros y &#8216;se\u00f1os&#8217; y a los profesores y profesoras (Y tambi\u00e9n al alumnado, claro). El muchacho ahora tendr\u00e1 que aprender a callarse y a respetar a la autoridad.<\/p>\n<p>\u00abUn juzgado de Menores de Granada ha condenado por un delito de atentando a un chaval de 17 a\u00f1os que mand\u00f3 callar a su profesora en mitad de una clase. El adolescente, seg\u00fan \u00e9l mismo admiti\u00f3, abronc\u00f3 y amenaz\u00f3 a la docente despu\u00e9s de que \u00e9sta le reprendiera porque no dejaba de molestar. \u00abLejos\u00bb de obedecer, el chico se revolvi\u00f3 y grit\u00f3 a la v\u00edctima \u00abque quien se ten\u00eda que callar era ella\u00bb, seg\u00fan detalla la sentencia, que fue de conformidad, es decir, que no fue necesario celebrar la vista oral del juicio porque el muchacho asumi\u00f3 su culpa.<\/p>\n<p>Como quiera que la profesora decidi\u00f3 rellenar un parte para denunciar la conducta del menor ante la direcci\u00f3n del centro educativo, \u00e9ste se encendi\u00f3 a\u00fan m\u00e1s y derrib\u00f3 su pupitre. Instantes despu\u00e9s, se acerc\u00f3 con malas intenciones a la docente \u00aby, poniendo su cara junto a la de ella\u00bb, le espet\u00f3, \u00abtambi\u00e9n gritando, que &#8216;supiese que no la hab\u00eda agredido ya porque era la profesora, que si no&#8230;&#8217;\u00bb, recuerda la resoluci\u00f3n judicial el desarrollo de los acontecimientos\u00bb.<\/p>\n","protected":false},"excerpt":{"rendered":"<p>Aqu\u00ed os dejamos una noticia que creemos que os puede interesar, sobre todo, a los maestros y &#8216;se\u00f1os&#8217; y a los profesores y profesoras (Y tambi\u00e9n al alumnado, claro). El muchacho ahora tendr\u00e1 que aprender a callarse y a respetar a la autoridad. \u00abUn juzgado de Menores de Granada ha condenado por un delito de [&hellip;]<\/p>\n","protected":false},"author":3,"featured_media":0,"comment_status":"open","ping_status":"open","sticky":false,"template":"","format":"standard","meta":{"jetpack_post_was_ever_published":false,"_jetpack_newsletter_access":"","_jetpack_dont_email_post_to_subs":false,"_jetpack_newsletter_tier_id":0,"_jetpack_memberships_contains_paywalled_content":false,"_jetpack_memberships_contains_paid_content":false,"footnotes":""},"categories":[1],"tags":[1382,38,130],"class_list":["post-4838","post","type-post","status-publish","format-standard","hentry","category-blog","tag-atentado","tag-condena","tag-menor"],"jetpack_featured_media_url":"","jetpack_shortlink":"https:\/\/wp.me\/p5fzW5-1g2","jetpack-related-posts":[],"jetpack_sharing_enabled":true,"_links":{"self":[{"href":"https:\/\/www.granadablogs.com\/juezcalatayud\/wp-json\/wp\/v2\/posts\/4838","targetHints":{"allow":["GET"]}}],"collection":[{"href":"https:\/\/www.granadablogs.com\/juezcalatayud\/wp-json\/wp\/v2\/posts"}],"about":[{"href":"https:\/\/www.granadablogs.com\/juezcalatayud\/wp-json\/wp\/v2\/types\/post"}],"author":[{"embeddable":true,"href":"https:\/\/www.granadablogs.com\/juezcalatayud\/wp-json\/wp\/v2\/users\/3"}],"replies":[{"embeddable":true,"href":"https:\/\/www.granadablogs.com\/juezcalatayud\/wp-json\/wp\/v2\/comments?post=4838"}],"version-history":[{"count":2,"href":"https:\/\/www.granadablogs.com\/juezcalatayud\/wp-json\/wp\/v2\/posts\/4838\/revisions"}],"predecessor-version":[{"id":4840,"href":"https:\/\/www.granadablogs.com\/juezcalatayud\/wp-json\/wp\/v2\/posts\/4838\/revisions\/4840"}],"wp:attachment":[{"href":"https:\/\/www.granadablogs.com\/juezcalatayud\/wp-json\/wp\/v2\/media?parent=4838"}],"wp:term":[{"taxonomy":"category","embeddable":true,"href":"https:\/\/www.granadablogs.com\/juezcalatayud\/wp-json\/wp\/v2\/categories?post=4838"},{"taxonomy":"post_tag","embeddable":true,"href":"https:\/\/www.granadablogs.com\/juezcalatayud\/wp-json\/wp\/v2\/tags?post=4838"}],"curies":[{"name":"wp","href":"https:\/\/api.w.org\/{rel}","templated":true}]}}