{"id":4823,"date":"2016-06-02T19:53:22","date_gmt":"2016-06-02T17:53:22","guid":{"rendered":"http:\/\/www.granadablogs.com\/juezcalatayud\/?p=4823"},"modified":"2016-06-02T19:53:22","modified_gmt":"2016-06-02T17:53:22","slug":"un-coro-de-un-colegio-canta-en-la-calle-para-alegrar-el-dia-a-la-gente","status":"publish","type":"post","link":"https:\/\/www.granadablogs.com\/juezcalatayud\/2016\/06\/un-coro-de-un-colegio-canta-en-la-calle-para-alegrar-el-dia-a-la-gente\/","title":{"rendered":"Un coro de un colegio canta en la calle para alegrar el d\u00eda a la gente"},"content":{"rendered":"<p>&nbsp;<\/p>\n<p><a href=\"http:\/\/www.granadablogs.com\/juezcalatayud\/wp-content\/uploads\/2016\/06\/Foto-ni\u00f1os.jpg\"><img loading=\"lazy\" decoding=\"async\" class=\"size-full wp-image-4824\" src=\"http:\/\/www.granadablogs.com\/juezcalatayud\/wp-content\/uploads\/2016\/06\/Foto-ni\u00f1os.jpg\" alt=\"XXX. FOTO: ALFREDO AGUILAR\" width=\"300\" height=\"200\" \/><\/a><\/p>\n<p>Buenas, soy Emilio Calatayud. Os cuento una buena noticia. Seguramente no tendr\u00e1 la misma repercusi\u00f3n que una mala, pero eso no es culpa de la noticia, sino nuestra. El caso es que hoy el coro infantil del Colegio Cristo de la Yedra de Granada ha salido a las calles de la ciudad para alegrar el d\u00eda a la gente. Ya est\u00e1, no ped\u00edan para ninguna causa especial, que hubiera sido perfectamente leg\u00edtimo, o para irse de viaje de estudios, que tambi\u00e9n ser\u00eda comprensible. Su \u00fanico fin era proporcionar felicidad a sus paisanos. Ojal\u00e1 todos hici\u00e9ramos algo parecido aunque s\u00f3lo\u00a0fuera\u00a0una vez&#8230; al mes, \u00bfverdad?<\/p>\n<p>Arriba, los cantores. Benditos sean.<\/p>\n","protected":false},"excerpt":{"rendered":"<p>&nbsp; Buenas, soy Emilio Calatayud. Os cuento una buena noticia. Seguramente no tendr\u00e1 la misma repercusi\u00f3n que una mala, pero eso no es culpa de la noticia, sino nuestra. El caso es que hoy el coro infantil del Colegio Cristo de la Yedra de Granada ha salido a las calles de la ciudad para alegrar [&hellip;]<\/p>\n","protected":false},"author":2,"featured_media":0,"comment_status":"open","ping_status":"open","sticky":false,"template":"","format":"standard","meta":{"jetpack_post_was_ever_published":false,"_jetpack_newsletter_access":"","_jetpack_dont_email_post_to_subs":false,"_jetpack_newsletter_tier_id":0,"_jetpack_memberships_contains_paywalled_content":false,"_jetpack_memberships_contains_paid_content":false,"footnotes":""},"categories":[1],"tags":[534,1460],"class_list":["post-4823","post","type-post","status-publish","format-standard","hentry","category-blog","tag-coro","tag-cristo-de-la-yedra"],"jetpack_featured_media_url":"","jetpack_shortlink":"https:\/\/wp.me\/p5fzW5-1fN","jetpack-related-posts":[],"jetpack_sharing_enabled":true,"_links":{"self":[{"href":"https:\/\/www.granadablogs.com\/juezcalatayud\/wp-json\/wp\/v2\/posts\/4823","targetHints":{"allow":["GET"]}}],"collection":[{"href":"https:\/\/www.granadablogs.com\/juezcalatayud\/wp-json\/wp\/v2\/posts"}],"about":[{"href":"https:\/\/www.granadablogs.com\/juezcalatayud\/wp-json\/wp\/v2\/types\/post"}],"author":[{"embeddable":true,"href":"https:\/\/www.granadablogs.com\/juezcalatayud\/wp-json\/wp\/v2\/users\/2"}],"replies":[{"embeddable":true,"href":"https:\/\/www.granadablogs.com\/juezcalatayud\/wp-json\/wp\/v2\/comments?post=4823"}],"version-history":[{"count":2,"href":"https:\/\/www.granadablogs.com\/juezcalatayud\/wp-json\/wp\/v2\/posts\/4823\/revisions"}],"predecessor-version":[{"id":4826,"href":"https:\/\/www.granadablogs.com\/juezcalatayud\/wp-json\/wp\/v2\/posts\/4823\/revisions\/4826"}],"wp:attachment":[{"href":"https:\/\/www.granadablogs.com\/juezcalatayud\/wp-json\/wp\/v2\/media?parent=4823"}],"wp:term":[{"taxonomy":"category","embeddable":true,"href":"https:\/\/www.granadablogs.com\/juezcalatayud\/wp-json\/wp\/v2\/categories?post=4823"},{"taxonomy":"post_tag","embeddable":true,"href":"https:\/\/www.granadablogs.com\/juezcalatayud\/wp-json\/wp\/v2\/tags?post=4823"}],"curies":[{"name":"wp","href":"https:\/\/api.w.org\/{rel}","templated":true}]}}