{"id":4816,"date":"2016-05-31T20:09:57","date_gmt":"2016-05-31T18:09:57","guid":{"rendered":"http:\/\/www.granadablogs.com\/juezcalatayud\/?p=4816"},"modified":"2016-05-31T20:09:57","modified_gmt":"2016-05-31T18:09:57","slug":"don-emilio-y-pedro-garcia-aguado-conversaran-en-granada-el-proximo-miercoles-8-de-junio","status":"publish","type":"post","link":"https:\/\/www.granadablogs.com\/juezcalatayud\/2016\/05\/don-emilio-y-pedro-garcia-aguado-conversaran-en-granada-el-proximo-miercoles-8-de-junio\/","title":{"rendered":"Don Emilio y Pedro Garc\u00eda Aguado conversar\u00e1n en Granada el pr\u00f3ximo mi\u00e9rcoles 8 de junio"},"content":{"rendered":"<p>Hola, soy otra vez Carlos Mor\u00e1n, el periodista compa\u00f1ero de blog de don Emilio. Para que todo el que pueda y quiera, informaros de que el pr\u00f3ximo mi\u00e9rcoles 8 de junio el juez y Pedro Garc\u00eda Aguado tienen previsto conversar en p\u00fablico sobre distintos temas que, como es natural, afectan a los menores: botell\u00f3n, nuevas tecnolog\u00edas&#8230; Ser\u00e1 en el auditorio del Parque de las Ciencias de Granada \u00a0(Avenida de la Ciencia), a partir de las ocho de la tarde, y servir\u00e1 para volver a poner en marcha la Escuela de Padres de IDEAL, una iniciativa que arranc\u00f3 en 2012, que coordina don Emilio y por la que han pasado, adem\u00e1s del propio Pedro, personalidades como Pablo Pineda, Jos\u00e9 Antonio Marina o Javier Urra. La entrada ser\u00e1 gratuita hasta completar el aforo.<\/p>\n<p>Como aperitivo, aqu\u00ed va lo que piensa don Emilio de Pedro Garc\u00eda Aguado: \u00abAdem\u00e1s de una buena persona, Pedro es valiente, porque hay que tener valor para admitir tus debilidades y reconocer que, en un momento dado, pueden ser m\u00e1s fuertes que tu mismo\u00bb.<\/p>\n<p>Y esto es lo que piensa Pedro de don Emilio. \u00abMe encanta la manera de entender la ley y de aplicarla que tiene Emilio Calatayud. Y su buen juicio&#8230; nunca mejor dicho\u00bb.<\/p>\n<p>Os esperamos.<\/p>\n","protected":false},"excerpt":{"rendered":"<p>Hola, soy otra vez Carlos Mor\u00e1n, el periodista compa\u00f1ero de blog de don Emilio. Para que todo el que pueda y quiera, informaros de que el pr\u00f3ximo mi\u00e9rcoles 8 de junio el juez y Pedro Garc\u00eda Aguado tienen previsto conversar en p\u00fablico sobre distintos temas que, como es natural, afectan a los menores: botell\u00f3n, nuevas [&hellip;]<\/p>\n","protected":false},"author":3,"featured_media":0,"comment_status":"open","ping_status":"open","sticky":false,"template":"","format":"standard","meta":{"jetpack_post_was_ever_published":false,"_jetpack_newsletter_access":"","_jetpack_dont_email_post_to_subs":false,"_jetpack_newsletter_tier_id":0,"_jetpack_memberships_contains_paywalled_content":false,"_jetpack_memberships_contains_paid_content":false,"footnotes":""},"categories":[1],"tags":[89,531,90],"class_list":["post-4816","post","type-post","status-publish","format-standard","hentry","category-blog","tag-escuela","tag-ideal","tag-padres"],"jetpack_featured_media_url":"","jetpack_shortlink":"https:\/\/wp.me\/p5fzW5-1fG","jetpack-related-posts":[],"jetpack_sharing_enabled":true,"_links":{"self":[{"href":"https:\/\/www.granadablogs.com\/juezcalatayud\/wp-json\/wp\/v2\/posts\/4816","targetHints":{"allow":["GET"]}}],"collection":[{"href":"https:\/\/www.granadablogs.com\/juezcalatayud\/wp-json\/wp\/v2\/posts"}],"about":[{"href":"https:\/\/www.granadablogs.com\/juezcalatayud\/wp-json\/wp\/v2\/types\/post"}],"author":[{"embeddable":true,"href":"https:\/\/www.granadablogs.com\/juezcalatayud\/wp-json\/wp\/v2\/users\/3"}],"replies":[{"embeddable":true,"href":"https:\/\/www.granadablogs.com\/juezcalatayud\/wp-json\/wp\/v2\/comments?post=4816"}],"version-history":[{"count":2,"href":"https:\/\/www.granadablogs.com\/juezcalatayud\/wp-json\/wp\/v2\/posts\/4816\/revisions"}],"predecessor-version":[{"id":4818,"href":"https:\/\/www.granadablogs.com\/juezcalatayud\/wp-json\/wp\/v2\/posts\/4816\/revisions\/4818"}],"wp:attachment":[{"href":"https:\/\/www.granadablogs.com\/juezcalatayud\/wp-json\/wp\/v2\/media?parent=4816"}],"wp:term":[{"taxonomy":"category","embeddable":true,"href":"https:\/\/www.granadablogs.com\/juezcalatayud\/wp-json\/wp\/v2\/categories?post=4816"},{"taxonomy":"post_tag","embeddable":true,"href":"https:\/\/www.granadablogs.com\/juezcalatayud\/wp-json\/wp\/v2\/tags?post=4816"}],"curies":[{"name":"wp","href":"https:\/\/api.w.org\/{rel}","templated":true}]}}