{"id":4606,"date":"2016-03-29T20:15:51","date_gmt":"2016-03-29T18:15:51","guid":{"rendered":"http:\/\/www.granadablogs.com\/juezcalatayud\/?p=4606"},"modified":"2016-03-29T20:15:51","modified_gmt":"2016-03-29T18:15:51","slug":"si-quieres-tener-problemas-con-tus-hijos-daselo-todo-o-no-les-des-nada","status":"publish","type":"post","link":"https:\/\/www.granadablogs.com\/juezcalatayud\/2016\/03\/si-quieres-tener-problemas-con-tus-hijos-daselo-todo-o-no-les-des-nada\/","title":{"rendered":"Si quieres tener problemas con tus hijos d\u00e1selo todo o no les des nada"},"content":{"rendered":"<p>Buenas, soy Emilio Calatayud. En los \u00faltimos tiempos he hablado personalmente con muchos padres -y tambi\u00e9n he recibido sus mensajes- que se quejan amargamente de que sus hijos les han salido unos vagos de tomo y lomo a pesar de que han dado la misma vida por ellos. \u00abSe lo hemos dado todo, don Emilio, y, a pesar de ello, tiene 30 a\u00f1os y no quiere hacer nada: ni estudiar ni trabajar\u00bb. Y ah\u00ed est\u00e1 el problema, en ese \u00abse lo hemos dado todo\u00bb. Nadie se merece todo.<\/p>\n<p>Pero es que tambi\u00e9n hay padres que no dan nada a sus hijos, y no me refiero a temas materiales, y un mal d\u00eda les llama la Polic\u00eda para decirles que su chaval est\u00e1 detenido porque la ha liado parda. Y es entonces cuando se dan cuenta de que ten\u00edan que haberle dado una educaci\u00f3n, un ambiente familiar, etc&#8230; Pero prefirieron dejarlo a su bola para no &#8216;traumatizarlo&#8217; y con s\u00f3lo catorce a\u00f1os ya est\u00e1n en los juzgados.<\/p>\n<p>S\u00e9 que es f\u00e1cil decirlo, pero la virtud est\u00e1 en el t\u00e9rmino medio. A los hijos, una de cal y otra de arena&#8230; Y los que sean cat\u00f3licos, que recen y los que no, pues&#8230; que recen tambi\u00e9n, porque aunque no se crea en nada, cualquier ayuda es bienvenida. Un saludo.<\/p>\n","protected":false},"excerpt":{"rendered":"<p>Buenas, soy Emilio Calatayud. En los \u00faltimos tiempos he hablado personalmente con muchos padres -y tambi\u00e9n he recibido sus mensajes- que se quejan amargamente de que sus hijos les han salido unos vagos de tomo y lomo a pesar de que han dado la misma vida por ellos. \u00abSe lo hemos dado todo, don Emilio, [&hellip;]<\/p>\n","protected":false},"author":2,"featured_media":0,"comment_status":"open","ping_status":"open","sticky":false,"template":"","format":"standard","meta":{"jetpack_post_was_ever_published":false,"_jetpack_newsletter_access":"","_jetpack_dont_email_post_to_subs":false,"_jetpack_newsletter_tier_id":0,"_jetpack_memberships_contains_paywalled_content":false,"_jetpack_memberships_contains_paid_content":false,"footnotes":""},"categories":[1],"tags":[189,92],"class_list":["post-4606","post","type-post","status-publish","format-standard","hentry","category-blog","tag-hijos","tag-problemas"],"jetpack_featured_media_url":"","jetpack_shortlink":"https:\/\/wp.me\/p5fzW5-1ci","jetpack-related-posts":[],"jetpack_sharing_enabled":true,"_links":{"self":[{"href":"https:\/\/www.granadablogs.com\/juezcalatayud\/wp-json\/wp\/v2\/posts\/4606","targetHints":{"allow":["GET"]}}],"collection":[{"href":"https:\/\/www.granadablogs.com\/juezcalatayud\/wp-json\/wp\/v2\/posts"}],"about":[{"href":"https:\/\/www.granadablogs.com\/juezcalatayud\/wp-json\/wp\/v2\/types\/post"}],"author":[{"embeddable":true,"href":"https:\/\/www.granadablogs.com\/juezcalatayud\/wp-json\/wp\/v2\/users\/2"}],"replies":[{"embeddable":true,"href":"https:\/\/www.granadablogs.com\/juezcalatayud\/wp-json\/wp\/v2\/comments?post=4606"}],"version-history":[{"count":1,"href":"https:\/\/www.granadablogs.com\/juezcalatayud\/wp-json\/wp\/v2\/posts\/4606\/revisions"}],"predecessor-version":[{"id":4607,"href":"https:\/\/www.granadablogs.com\/juezcalatayud\/wp-json\/wp\/v2\/posts\/4606\/revisions\/4607"}],"wp:attachment":[{"href":"https:\/\/www.granadablogs.com\/juezcalatayud\/wp-json\/wp\/v2\/media?parent=4606"}],"wp:term":[{"taxonomy":"category","embeddable":true,"href":"https:\/\/www.granadablogs.com\/juezcalatayud\/wp-json\/wp\/v2\/categories?post=4606"},{"taxonomy":"post_tag","embeddable":true,"href":"https:\/\/www.granadablogs.com\/juezcalatayud\/wp-json\/wp\/v2\/tags?post=4606"}],"curies":[{"name":"wp","href":"https:\/\/api.w.org\/{rel}","templated":true}]}}