{"id":4537,"date":"2016-03-06T00:09:28","date_gmt":"2016-03-05T22:09:28","guid":{"rendered":"http:\/\/www.granadablogs.com\/juezcalatayud\/?p=4537"},"modified":"2016-03-06T00:09:28","modified_gmt":"2016-03-05T22:09:28","slug":"cobra-lo-mismo-el-gobierno-en-funciones-que-cuando-no-estaba-en-funciones","status":"publish","type":"post","link":"https:\/\/www.granadablogs.com\/juezcalatayud\/2016\/03\/cobra-lo-mismo-el-gobierno-en-funciones-que-cuando-no-estaba-en-funciones\/","title":{"rendered":"\u00bfCobra lo mismo el Gobierno en funciones que cuando no estaba en funciones?"},"content":{"rendered":"<p>Buenas, soy Emilio Calatayud. Tengo una duda y no es una maldad. Vamos a ver, los gobiernos en funciones, y nosotros tenemos uno, se caracterizan porque no pueden hacer muchas de las cosas que hac\u00edan antes de estar en funciones, es decir, cuando ten\u00edan todas sus capacidades intactas. \u00bfSignifica eso que sus sueldos son m\u00e1s bajos? Ser\u00eda lo l\u00f3gico, porque se supone que tienen menos tarea&#8230; La verdad es que desconozco c\u00f3mo funciona eso. \u00bfAlguien lo sabe?<\/p>\n","protected":false},"excerpt":{"rendered":"<p>Buenas, soy Emilio Calatayud. Tengo una duda y no es una maldad. Vamos a ver, los gobiernos en funciones, y nosotros tenemos uno, se caracterizan porque no pueden hacer muchas de las cosas que hac\u00edan antes de estar en funciones, es decir, cuando ten\u00edan todas sus capacidades intactas. \u00bfSignifica eso que sus sueldos son m\u00e1s [&hellip;]<\/p>\n","protected":false},"author":2,"featured_media":0,"comment_status":"open","ping_status":"open","sticky":false,"template":"","format":"standard","meta":{"jetpack_post_was_ever_published":false,"_jetpack_newsletter_access":"","_jetpack_dont_email_post_to_subs":false,"_jetpack_newsletter_tier_id":0,"_jetpack_memberships_contains_paywalled_content":false,"_jetpack_memberships_contains_paid_content":false,"footnotes":""},"categories":[1],"tags":[1378,52],"class_list":["post-4537","post","type-post","status-publish","format-standard","hentry","category-blog","tag-en-funciones","tag-gobierno"],"jetpack_featured_media_url":"","jetpack_shortlink":"https:\/\/wp.me\/p5fzW5-1bb","jetpack-related-posts":[],"jetpack_sharing_enabled":true,"_links":{"self":[{"href":"https:\/\/www.granadablogs.com\/juezcalatayud\/wp-json\/wp\/v2\/posts\/4537","targetHints":{"allow":["GET"]}}],"collection":[{"href":"https:\/\/www.granadablogs.com\/juezcalatayud\/wp-json\/wp\/v2\/posts"}],"about":[{"href":"https:\/\/www.granadablogs.com\/juezcalatayud\/wp-json\/wp\/v2\/types\/post"}],"author":[{"embeddable":true,"href":"https:\/\/www.granadablogs.com\/juezcalatayud\/wp-json\/wp\/v2\/users\/2"}],"replies":[{"embeddable":true,"href":"https:\/\/www.granadablogs.com\/juezcalatayud\/wp-json\/wp\/v2\/comments?post=4537"}],"version-history":[{"count":1,"href":"https:\/\/www.granadablogs.com\/juezcalatayud\/wp-json\/wp\/v2\/posts\/4537\/revisions"}],"predecessor-version":[{"id":4538,"href":"https:\/\/www.granadablogs.com\/juezcalatayud\/wp-json\/wp\/v2\/posts\/4537\/revisions\/4538"}],"wp:attachment":[{"href":"https:\/\/www.granadablogs.com\/juezcalatayud\/wp-json\/wp\/v2\/media?parent=4537"}],"wp:term":[{"taxonomy":"category","embeddable":true,"href":"https:\/\/www.granadablogs.com\/juezcalatayud\/wp-json\/wp\/v2\/categories?post=4537"},{"taxonomy":"post_tag","embeddable":true,"href":"https:\/\/www.granadablogs.com\/juezcalatayud\/wp-json\/wp\/v2\/tags?post=4537"}],"curies":[{"name":"wp","href":"https:\/\/api.w.org\/{rel}","templated":true}]}}