{"id":4535,"date":"2016-03-04T22:09:12","date_gmt":"2016-03-04T20:09:12","guid":{"rendered":"http:\/\/www.granadablogs.com\/juezcalatayud\/?p=4535"},"modified":"2016-03-04T22:09:12","modified_gmt":"2016-03-04T20:09:12","slug":"mama-papa-soy-un-ni-ni-pero-os-quiero","status":"publish","type":"post","link":"https:\/\/www.granadablogs.com\/juezcalatayud\/2016\/03\/mama-papa-soy-un-ni-ni-pero-os-quiero\/","title":{"rendered":"\u00abMam\u00e1, pap\u00e1, soy un &#8216;ni-ni&#8217;, pero os quiero\u00bb"},"content":{"rendered":"<p>Buenas, soy Emilio Calatayud. En el anterior comentario me refer\u00ed a la estad\u00edstica que dice que nuestros hijos no se van de casa hasta que tienen m\u00e1s de treinta a\u00f1os. Y eso con suerte, porque ya hay cincuentones que siguen en el nido. Pero hay que aclarar que todos esos cientos de miles de j\u00f3venes no son &#8216;ni-nis&#8217;, es decir, que no son de esos que ni\u00a0estudian ni trabajan porque no les da la gana.<\/p>\n<p>Ah\u00ed podemos encontrar chicos que tienen trabajo, pero que est\u00e1n a gusto en casa de los padres porque se lo dan todo hecho y prefieren quedarse. Tambi\u00e9n hay much\u00edsimos j\u00f3venes que han estudiado y est\u00e1n intentado buscar un trabajo para independizarse, pero que no lo han conseguido. Y luego est\u00e1n los que, habiendo logrado la independencia, han tenido que volver al hogar materno y paterno porque se han quedado sin trabajo por la crisis -o les han bajado el sueldo y no les llega para pagar un alquiler-. O sea, que no es bueno generalizar, porque podemos ser injustos.<\/p>\n<p>Pero eso no quiere decir que no existan los &#8216;ni-nis&#8217;, porque haberlos, haylos. Y no son pocos. Pero con ellos tambi\u00e9n podemos establecer alguna divisi\u00f3n: est\u00e1n los &#8216;ni-nis&#8217; antip\u00e1ticos que te pueden hacer la vida imposible y los simp\u00e1ticos, que aunque son muy vagos, te dicen: \u00abMam\u00e1, pap\u00e1, soy un &#8216;ni-ni&#8217;, pero os quiero\u00bb. Si son como este \u00faltimo, hasta se les puede perdonar.<\/p>\n<p>&nbsp;<\/p>\n<p>&nbsp;<\/p>\n","protected":false},"excerpt":{"rendered":"<p>Buenas, soy Emilio Calatayud. En el anterior comentario me refer\u00ed a la estad\u00edstica que dice que nuestros hijos no se van de casa hasta que tienen m\u00e1s de treinta a\u00f1os. Y eso con suerte, porque ya hay cincuentones que siguen en el nido. Pero hay que aclarar que todos esos cientos de miles de j\u00f3venes [&hellip;]<\/p>\n","protected":false},"author":2,"featured_media":0,"comment_status":"open","ping_status":"open","sticky":false,"template":"","format":"standard","meta":{"jetpack_post_was_ever_published":false,"_jetpack_newsletter_access":"","_jetpack_dont_email_post_to_subs":false,"_jetpack_newsletter_tier_id":0,"_jetpack_memberships_contains_paywalled_content":false,"_jetpack_memberships_contains_paid_content":false,"footnotes":""},"categories":[1],"tags":[1376,1377],"class_list":["post-4535","post","type-post","status-publish","format-standard","hentry","category-blog","tag-soy-ni-ni","tag-os-quiero"],"jetpack_featured_media_url":"","jetpack_shortlink":"https:\/\/wp.me\/p5fzW5-1b9","jetpack-related-posts":[],"jetpack_sharing_enabled":true,"_links":{"self":[{"href":"https:\/\/www.granadablogs.com\/juezcalatayud\/wp-json\/wp\/v2\/posts\/4535","targetHints":{"allow":["GET"]}}],"collection":[{"href":"https:\/\/www.granadablogs.com\/juezcalatayud\/wp-json\/wp\/v2\/posts"}],"about":[{"href":"https:\/\/www.granadablogs.com\/juezcalatayud\/wp-json\/wp\/v2\/types\/post"}],"author":[{"embeddable":true,"href":"https:\/\/www.granadablogs.com\/juezcalatayud\/wp-json\/wp\/v2\/users\/2"}],"replies":[{"embeddable":true,"href":"https:\/\/www.granadablogs.com\/juezcalatayud\/wp-json\/wp\/v2\/comments?post=4535"}],"version-history":[{"count":1,"href":"https:\/\/www.granadablogs.com\/juezcalatayud\/wp-json\/wp\/v2\/posts\/4535\/revisions"}],"predecessor-version":[{"id":4536,"href":"https:\/\/www.granadablogs.com\/juezcalatayud\/wp-json\/wp\/v2\/posts\/4535\/revisions\/4536"}],"wp:attachment":[{"href":"https:\/\/www.granadablogs.com\/juezcalatayud\/wp-json\/wp\/v2\/media?parent=4535"}],"wp:term":[{"taxonomy":"category","embeddable":true,"href":"https:\/\/www.granadablogs.com\/juezcalatayud\/wp-json\/wp\/v2\/categories?post=4535"},{"taxonomy":"post_tag","embeddable":true,"href":"https:\/\/www.granadablogs.com\/juezcalatayud\/wp-json\/wp\/v2\/tags?post=4535"}],"curies":[{"name":"wp","href":"https:\/\/api.w.org\/{rel}","templated":true}]}}