{"id":4491,"date":"2016-02-18T21:48:55","date_gmt":"2016-02-18T19:48:55","guid":{"rendered":"http:\/\/www.granadablogs.com\/juezcalatayud\/?p=4491"},"modified":"2016-02-18T21:48:55","modified_gmt":"2016-02-18T19:48:55","slug":"en-mi-primer-juzgado-no-habia-luz","status":"publish","type":"post","link":"https:\/\/www.granadablogs.com\/juezcalatayud\/2016\/02\/en-mi-primer-juzgado-no-habia-luz\/","title":{"rendered":"En mi primer juzgado no hab\u00eda luz"},"content":{"rendered":"<p>Buenas, soy Emilio Calatayud. Como era de esperar, el plan del Gobierno de implantar el papel cero en los juzgado ha tenido la &#8216;virtud&#8217; de no contentar a nadie, que tambi\u00e9n tiene m\u00e9rito. Total, que seguimos rodeados de cuartillas y legajos. Pero no hay que ser pesimistas. Algo hemos avanzado. En mi primer destino, un juzgado de la localidad tinerfe\u00f1a de G\u00fcimar, no hab\u00eda luz. Las bombillas se fund\u00edan y nos mandaban repuestos. Total, que un d\u00eda vinieron los inspectores y los recib\u00ed a oscuras. Poco despu\u00e9s, nos mandaron las bombillas. Pero lo del papel cero creo que tardar\u00e1 m\u00e1s, ja, ja, ja.<\/p>\n","protected":false},"excerpt":{"rendered":"<p>Buenas, soy Emilio Calatayud. Como era de esperar, el plan del Gobierno de implantar el papel cero en los juzgado ha tenido la &#8216;virtud&#8217; de no contentar a nadie, que tambi\u00e9n tiene m\u00e9rito. Total, que seguimos rodeados de cuartillas y legajos. Pero no hay que ser pesimistas. Algo hemos avanzado. En mi primer destino, un [&hellip;]<\/p>\n","protected":false},"author":2,"featured_media":0,"comment_status":"open","ping_status":"open","sticky":false,"template":"","format":"standard","meta":{"jetpack_post_was_ever_published":false,"_jetpack_newsletter_access":"","_jetpack_dont_email_post_to_subs":false,"_jetpack_newsletter_tier_id":0,"_jetpack_memberships_contains_paywalled_content":false,"_jetpack_memberships_contains_paid_content":false,"footnotes":""},"categories":[1],"tags":[849,614,1355],"class_list":["post-4491","post","type-post","status-publish","format-standard","hentry","category-blog","tag-juzgados","tag-luz","tag-primer"],"jetpack_featured_media_url":"","jetpack_shortlink":"https:\/\/wp.me\/p5fzW5-1ar","jetpack-related-posts":[],"jetpack_sharing_enabled":true,"_links":{"self":[{"href":"https:\/\/www.granadablogs.com\/juezcalatayud\/wp-json\/wp\/v2\/posts\/4491","targetHints":{"allow":["GET"]}}],"collection":[{"href":"https:\/\/www.granadablogs.com\/juezcalatayud\/wp-json\/wp\/v2\/posts"}],"about":[{"href":"https:\/\/www.granadablogs.com\/juezcalatayud\/wp-json\/wp\/v2\/types\/post"}],"author":[{"embeddable":true,"href":"https:\/\/www.granadablogs.com\/juezcalatayud\/wp-json\/wp\/v2\/users\/2"}],"replies":[{"embeddable":true,"href":"https:\/\/www.granadablogs.com\/juezcalatayud\/wp-json\/wp\/v2\/comments?post=4491"}],"version-history":[{"count":2,"href":"https:\/\/www.granadablogs.com\/juezcalatayud\/wp-json\/wp\/v2\/posts\/4491\/revisions"}],"predecessor-version":[{"id":4493,"href":"https:\/\/www.granadablogs.com\/juezcalatayud\/wp-json\/wp\/v2\/posts\/4491\/revisions\/4493"}],"wp:attachment":[{"href":"https:\/\/www.granadablogs.com\/juezcalatayud\/wp-json\/wp\/v2\/media?parent=4491"}],"wp:term":[{"taxonomy":"category","embeddable":true,"href":"https:\/\/www.granadablogs.com\/juezcalatayud\/wp-json\/wp\/v2\/categories?post=4491"},{"taxonomy":"post_tag","embeddable":true,"href":"https:\/\/www.granadablogs.com\/juezcalatayud\/wp-json\/wp\/v2\/tags?post=4491"}],"curies":[{"name":"wp","href":"https:\/\/api.w.org\/{rel}","templated":true}]}}