{"id":4489,"date":"2016-02-17T22:00:17","date_gmt":"2016-02-17T20:00:17","guid":{"rendered":"http:\/\/www.granadablogs.com\/juezcalatayud\/?p=4489"},"modified":"2016-02-17T22:00:17","modified_gmt":"2016-02-17T20:00:17","slug":"reencuentro-con-una-joven-a-la-que-condene-a-hacer-el-camino-de-santiago","status":"publish","type":"post","link":"https:\/\/www.granadablogs.com\/juezcalatayud\/2016\/02\/reencuentro-con-una-joven-a-la-que-condene-a-hacer-el-camino-de-santiago\/","title":{"rendered":"Reencuentro con una joven a la que conden\u00e9 a hacer el Camino de Santiago"},"content":{"rendered":"<p>Buenas, soy Emilio Calatayud. En 2004, que ya ha llovido desde entonces, &#8216;conden\u00e9&#8217; a grupo de chavales de Granada a hacer parte del Camino de Santiago. No se si volvieron m\u00e1s santos de lo que se fueron, pero s\u00ed bastante contentos. Luego, ya no supe qu\u00e9 fue de ellos&#8230; Hasta hace un par de d\u00edas, que me encontr\u00e9 a una chica de las que particip\u00f3 en aquella expedici\u00f3n. Bueno, en realidad, me encontr\u00f3 ella a m\u00ed, porque yo no la recordaba. Hab\u00eda crecido y estaba muy diferente&#8230; Me cont\u00f3 que hab\u00eda estado trabajando siete a\u00f1os en Barcelona y que se hab\u00eda vuelto a Granada al quedarse en paro, pero que aqu\u00ed no le sal\u00eda nada y pensaba irse otra vez a Catalu\u00f1a. Y me dijo tambi\u00e9n que nunca olvidar\u00eda aquella condena de recorrer parte del Camino de Santiago, que fue una experiencia \u00fanica. Me alegr\u00e9 por ella&#8230; Y por m\u00ed.<\/p>\n","protected":false},"excerpt":{"rendered":"<p>Buenas, soy Emilio Calatayud. En 2004, que ya ha llovido desde entonces, &#8216;conden\u00e9&#8217; a grupo de chavales de Granada a hacer parte del Camino de Santiago. No se si volvieron m\u00e1s santos de lo que se fueron, pero s\u00ed bastante contentos. Luego, ya no supe qu\u00e9 fue de ellos&#8230; Hasta hace un par de d\u00edas, [&hellip;]<\/p>\n","protected":false},"author":2,"featured_media":0,"comment_status":"open","ping_status":"open","sticky":false,"template":"","format":"standard","meta":{"jetpack_post_was_ever_published":false,"_jetpack_newsletter_access":"","_jetpack_dont_email_post_to_subs":false,"_jetpack_newsletter_tier_id":0,"_jetpack_memberships_contains_paywalled_content":false,"_jetpack_memberships_contains_paid_content":false,"footnotes":""},"categories":[1],"tags":[701,1354],"class_list":["post-4489","post","type-post","status-publish","format-standard","hentry","category-blog","tag-camino","tag-de-santiago"],"jetpack_featured_media_url":"","jetpack_shortlink":"https:\/\/wp.me\/p5fzW5-1ap","jetpack-related-posts":[],"jetpack_sharing_enabled":true,"_links":{"self":[{"href":"https:\/\/www.granadablogs.com\/juezcalatayud\/wp-json\/wp\/v2\/posts\/4489","targetHints":{"allow":["GET"]}}],"collection":[{"href":"https:\/\/www.granadablogs.com\/juezcalatayud\/wp-json\/wp\/v2\/posts"}],"about":[{"href":"https:\/\/www.granadablogs.com\/juezcalatayud\/wp-json\/wp\/v2\/types\/post"}],"author":[{"embeddable":true,"href":"https:\/\/www.granadablogs.com\/juezcalatayud\/wp-json\/wp\/v2\/users\/2"}],"replies":[{"embeddable":true,"href":"https:\/\/www.granadablogs.com\/juezcalatayud\/wp-json\/wp\/v2\/comments?post=4489"}],"version-history":[{"count":1,"href":"https:\/\/www.granadablogs.com\/juezcalatayud\/wp-json\/wp\/v2\/posts\/4489\/revisions"}],"predecessor-version":[{"id":4490,"href":"https:\/\/www.granadablogs.com\/juezcalatayud\/wp-json\/wp\/v2\/posts\/4489\/revisions\/4490"}],"wp:attachment":[{"href":"https:\/\/www.granadablogs.com\/juezcalatayud\/wp-json\/wp\/v2\/media?parent=4489"}],"wp:term":[{"taxonomy":"category","embeddable":true,"href":"https:\/\/www.granadablogs.com\/juezcalatayud\/wp-json\/wp\/v2\/categories?post=4489"},{"taxonomy":"post_tag","embeddable":true,"href":"https:\/\/www.granadablogs.com\/juezcalatayud\/wp-json\/wp\/v2\/tags?post=4489"}],"curies":[{"name":"wp","href":"https:\/\/api.w.org\/{rel}","templated":true}]}}