{"id":4485,"date":"2016-02-16T00:41:04","date_gmt":"2016-02-15T22:41:04","guid":{"rendered":"http:\/\/www.granadablogs.com\/juezcalatayud\/?p=4485"},"modified":"2016-02-16T00:41:04","modified_gmt":"2016-02-15T22:41:04","slug":"os-acordais-cuando-el-telefono-movil-servia-para-hablar-por-telefono","status":"publish","type":"post","link":"https:\/\/www.granadablogs.com\/juezcalatayud\/2016\/02\/os-acordais-cuando-el-telefono-movil-servia-para-hablar-por-telefono\/","title":{"rendered":"\u00bfOs acord\u00e1is cuando el tel\u00e9fono m\u00f3vil serv\u00eda para hablar por tel\u00e9fono?"},"content":{"rendered":"<p>Buenas, soy Emilio Calatayud. Pues eso, \u00bfalguien se acuerda cuando el tel\u00e9fono m\u00f3vil serv\u00eda para hablar por tel\u00e9fono? Pues no hace tanto. Me acuerdo que hab\u00eda gente hablando todo el d\u00eda. Primera llamada: \u00abVoy para casa\u00bb. Segunda llamada: \u00abEstoy llegando\u00bb- Tercera llamada: \u00ab\u00bfSubo el pan?\u00bb, etc. Y luego estaban los que hablaban a voces y todos nos enter\u00e1bamos de lo bien o de lo mal que le iban los negocios, o sus relaciones familiares&#8230; Pues ya casi nadie usa el tel\u00e9fono para hablar por tel\u00e9fono. Es antiguo.<\/p>\n","protected":false},"excerpt":{"rendered":"<p>Buenas, soy Emilio Calatayud. Pues eso, \u00bfalguien se acuerda cuando el tel\u00e9fono m\u00f3vil serv\u00eda para hablar por tel\u00e9fono? Pues no hace tanto. Me acuerdo que hab\u00eda gente hablando todo el d\u00eda. Primera llamada: \u00abVoy para casa\u00bb. Segunda llamada: \u00abEstoy llegando\u00bb- Tercera llamada: \u00ab\u00bfSubo el pan?\u00bb, etc. Y luego estaban los que hablaban a voces y [&hellip;]<\/p>\n","protected":false},"author":2,"featured_media":0,"comment_status":"open","ping_status":"open","sticky":false,"template":"","format":"standard","meta":{"jetpack_post_was_ever_published":false,"_jetpack_newsletter_access":"","_jetpack_dont_email_post_to_subs":false,"_jetpack_newsletter_tier_id":0,"_jetpack_memberships_contains_paywalled_content":false,"_jetpack_memberships_contains_paid_content":false,"footnotes":""},"categories":[1],"tags":[663,234],"class_list":["post-4485","post","type-post","status-publish","format-standard","hentry","category-blog","tag-movil","tag-telefono"],"jetpack_featured_media_url":"","jetpack_shortlink":"https:\/\/wp.me\/p5fzW5-1al","jetpack-related-posts":[],"jetpack_sharing_enabled":true,"_links":{"self":[{"href":"https:\/\/www.granadablogs.com\/juezcalatayud\/wp-json\/wp\/v2\/posts\/4485","targetHints":{"allow":["GET"]}}],"collection":[{"href":"https:\/\/www.granadablogs.com\/juezcalatayud\/wp-json\/wp\/v2\/posts"}],"about":[{"href":"https:\/\/www.granadablogs.com\/juezcalatayud\/wp-json\/wp\/v2\/types\/post"}],"author":[{"embeddable":true,"href":"https:\/\/www.granadablogs.com\/juezcalatayud\/wp-json\/wp\/v2\/users\/2"}],"replies":[{"embeddable":true,"href":"https:\/\/www.granadablogs.com\/juezcalatayud\/wp-json\/wp\/v2\/comments?post=4485"}],"version-history":[{"count":1,"href":"https:\/\/www.granadablogs.com\/juezcalatayud\/wp-json\/wp\/v2\/posts\/4485\/revisions"}],"predecessor-version":[{"id":4486,"href":"https:\/\/www.granadablogs.com\/juezcalatayud\/wp-json\/wp\/v2\/posts\/4485\/revisions\/4486"}],"wp:attachment":[{"href":"https:\/\/www.granadablogs.com\/juezcalatayud\/wp-json\/wp\/v2\/media?parent=4485"}],"wp:term":[{"taxonomy":"category","embeddable":true,"href":"https:\/\/www.granadablogs.com\/juezcalatayud\/wp-json\/wp\/v2\/categories?post=4485"},{"taxonomy":"post_tag","embeddable":true,"href":"https:\/\/www.granadablogs.com\/juezcalatayud\/wp-json\/wp\/v2\/tags?post=4485"}],"curies":[{"name":"wp","href":"https:\/\/api.w.org\/{rel}","templated":true}]}}