{"id":4436,"date":"2016-02-02T22:45:28","date_gmt":"2016-02-02T20:45:28","guid":{"rendered":"http:\/\/www.granadablogs.com\/juezcalatayud\/?p=4436"},"modified":"2016-02-02T22:45:28","modified_gmt":"2016-02-02T20:45:28","slug":"adios-a-tuenti-el-tuenti-hace-400-000-anos-que-no-lo-uso","status":"publish","type":"post","link":"https:\/\/www.granadablogs.com\/juezcalatayud\/2016\/02\/adios-a-tuenti-el-tuenti-hace-400-000-anos-que-no-lo-uso\/","title":{"rendered":"Adi\u00f3s a Tuenti: \u00ab\u00bfEl Tuenti? Hace 400.000 a\u00f1os que no lo uso\u00bb"},"content":{"rendered":"<p>Buenas, soy Emilio Calatayud. Desaparece la red social Tuenti, esa que era tan popular hace nada entre los ni\u00f1os de catorce a\u00f1os y menos. A m\u00ed Tuenti me ense\u00f1\u00f3 qu\u00e9 pu\u00f1etas era eso de una red social y ahora me da hasta un poco de nostalgia que desaparezca. Anda que no nos dio dolores de cabeza a los jueces, fiscales y polic\u00edas de Menores el Tuenti de marras. Pero as\u00ed es esta sociedad: lo que hoy es el no va m\u00e1s, ma\u00f1ana no existe. Lo pregunto a una ni\u00f1a de catorce a\u00f1os por la desaparici\u00f3n de Tuenti y me dice: \u00ab\u00bfTuenti? Hace 400.000 a\u00f1os que no lo uso\u00bb.<\/p>\n","protected":false},"excerpt":{"rendered":"<p>Buenas, soy Emilio Calatayud. Desaparece la red social Tuenti, esa que era tan popular hace nada entre los ni\u00f1os de catorce a\u00f1os y menos. A m\u00ed Tuenti me ense\u00f1\u00f3 qu\u00e9 pu\u00f1etas era eso de una red social y ahora me da hasta un poco de nostalgia que desaparezca. Anda que no nos dio dolores de [&hellip;]<\/p>\n","protected":false},"author":2,"featured_media":0,"comment_status":"open","ping_status":"open","sticky":false,"template":"","format":"standard","meta":{"jetpack_post_was_ever_published":false,"_jetpack_newsletter_access":"","_jetpack_dont_email_post_to_subs":false,"_jetpack_newsletter_tier_id":0,"_jetpack_memberships_contains_paywalled_content":false,"_jetpack_memberships_contains_paid_content":false,"footnotes":""},"categories":[1],"tags":[1338,142],"class_list":["post-4436","post","type-post","status-publish","format-standard","hentry","category-blog","tag-adios","tag-tuenti"],"jetpack_featured_media_url":"","jetpack_shortlink":"https:\/\/wp.me\/p5fzW5-19y","jetpack-related-posts":[],"jetpack_sharing_enabled":true,"_links":{"self":[{"href":"https:\/\/www.granadablogs.com\/juezcalatayud\/wp-json\/wp\/v2\/posts\/4436","targetHints":{"allow":["GET"]}}],"collection":[{"href":"https:\/\/www.granadablogs.com\/juezcalatayud\/wp-json\/wp\/v2\/posts"}],"about":[{"href":"https:\/\/www.granadablogs.com\/juezcalatayud\/wp-json\/wp\/v2\/types\/post"}],"author":[{"embeddable":true,"href":"https:\/\/www.granadablogs.com\/juezcalatayud\/wp-json\/wp\/v2\/users\/2"}],"replies":[{"embeddable":true,"href":"https:\/\/www.granadablogs.com\/juezcalatayud\/wp-json\/wp\/v2\/comments?post=4436"}],"version-history":[{"count":2,"href":"https:\/\/www.granadablogs.com\/juezcalatayud\/wp-json\/wp\/v2\/posts\/4436\/revisions"}],"predecessor-version":[{"id":4438,"href":"https:\/\/www.granadablogs.com\/juezcalatayud\/wp-json\/wp\/v2\/posts\/4436\/revisions\/4438"}],"wp:attachment":[{"href":"https:\/\/www.granadablogs.com\/juezcalatayud\/wp-json\/wp\/v2\/media?parent=4436"}],"wp:term":[{"taxonomy":"category","embeddable":true,"href":"https:\/\/www.granadablogs.com\/juezcalatayud\/wp-json\/wp\/v2\/categories?post=4436"},{"taxonomy":"post_tag","embeddable":true,"href":"https:\/\/www.granadablogs.com\/juezcalatayud\/wp-json\/wp\/v2\/tags?post=4436"}],"curies":[{"name":"wp","href":"https:\/\/api.w.org\/{rel}","templated":true}]}}