{"id":4409,"date":"2016-01-23T23:43:18","date_gmt":"2016-01-23T21:43:18","guid":{"rendered":"http:\/\/www.granadablogs.com\/juezcalatayud\/?p=4409"},"modified":"2016-01-23T23:43:18","modified_gmt":"2016-01-23T21:43:18","slug":"hay-menores-que-sufren-ataques-de-histeria-cuando-se-les-decomisa-el-movil","status":"publish","type":"post","link":"https:\/\/www.granadablogs.com\/juezcalatayud\/2016\/01\/hay-menores-que-sufren-ataques-de-histeria-cuando-se-les-decomisa-el-movil\/","title":{"rendered":"Hay menores que sufren ataques de histeria cuando se les decomisa el m\u00f3vil"},"content":{"rendered":"<p>Buenas, soy Emilio Calatayud. En Navidad fue noticia que un chaval se hab\u00eda revuelto violentamente contra sus padres porque los Reyes Magos no le hab\u00edan tra\u00eddo el m\u00f3vil que hab\u00eda pedido. Aunque parezca un suceso raro, es bastante m\u00e1s habitual de lo que parece. Yo llevo viendo casos similares desde hace a\u00f1os. Adem\u00e1s, \u00faltimamente, en el juzgado, decomisamos los m\u00f3viles a los menores cuando los han utilizado para cometer un hecho delictivo y lo normal es que sufran ataques de histeria (se los devolvemos cuando pagan la responsabilidad civil). No exagero nada. Por contra, algunos padres te lo agradecen. As\u00ed est\u00e1n las cosas.<\/p>\n","protected":false},"excerpt":{"rendered":"<p>Buenas, soy Emilio Calatayud. En Navidad fue noticia que un chaval se hab\u00eda revuelto violentamente contra sus padres porque los Reyes Magos no le hab\u00edan tra\u00eddo el m\u00f3vil que hab\u00eda pedido. Aunque parezca un suceso raro, es bastante m\u00e1s habitual de lo que parece. Yo llevo viendo casos similares desde hace a\u00f1os. Adem\u00e1s, \u00faltimamente, en [&hellip;]<\/p>\n","protected":false},"author":2,"featured_media":0,"comment_status":"open","ping_status":"open","sticky":false,"template":"","format":"standard","meta":{"jetpack_post_was_ever_published":false,"_jetpack_newsletter_access":"","_jetpack_dont_email_post_to_subs":false,"_jetpack_newsletter_tier_id":0,"_jetpack_memberships_contains_paywalled_content":false,"_jetpack_memberships_contains_paid_content":false,"footnotes":""},"categories":[1],"tags":[435,1329,237],"class_list":["post-4409","post","type-post","status-publish","format-standard","hentry","category-blog","tag-ataques","tag-histeria","tag-moviles"],"jetpack_featured_media_url":"","jetpack_shortlink":"https:\/\/wp.me\/p5fzW5-197","jetpack-related-posts":[],"jetpack_sharing_enabled":true,"_links":{"self":[{"href":"https:\/\/www.granadablogs.com\/juezcalatayud\/wp-json\/wp\/v2\/posts\/4409","targetHints":{"allow":["GET"]}}],"collection":[{"href":"https:\/\/www.granadablogs.com\/juezcalatayud\/wp-json\/wp\/v2\/posts"}],"about":[{"href":"https:\/\/www.granadablogs.com\/juezcalatayud\/wp-json\/wp\/v2\/types\/post"}],"author":[{"embeddable":true,"href":"https:\/\/www.granadablogs.com\/juezcalatayud\/wp-json\/wp\/v2\/users\/2"}],"replies":[{"embeddable":true,"href":"https:\/\/www.granadablogs.com\/juezcalatayud\/wp-json\/wp\/v2\/comments?post=4409"}],"version-history":[{"count":1,"href":"https:\/\/www.granadablogs.com\/juezcalatayud\/wp-json\/wp\/v2\/posts\/4409\/revisions"}],"predecessor-version":[{"id":4410,"href":"https:\/\/www.granadablogs.com\/juezcalatayud\/wp-json\/wp\/v2\/posts\/4409\/revisions\/4410"}],"wp:attachment":[{"href":"https:\/\/www.granadablogs.com\/juezcalatayud\/wp-json\/wp\/v2\/media?parent=4409"}],"wp:term":[{"taxonomy":"category","embeddable":true,"href":"https:\/\/www.granadablogs.com\/juezcalatayud\/wp-json\/wp\/v2\/categories?post=4409"},{"taxonomy":"post_tag","embeddable":true,"href":"https:\/\/www.granadablogs.com\/juezcalatayud\/wp-json\/wp\/v2\/tags?post=4409"}],"curies":[{"name":"wp","href":"https:\/\/api.w.org\/{rel}","templated":true}]}}