{"id":4399,"date":"2016-01-19T21:10:29","date_gmt":"2016-01-19T19:10:29","guid":{"rendered":"http:\/\/www.granadablogs.com\/juezcalatayud\/?p=4399"},"modified":"2016-01-19T21:10:29","modified_gmt":"2016-01-19T19:10:29","slug":"granada-entra-en-el-club-de-las-ciudades-con-ave-sin-tener-ave","status":"publish","type":"post","link":"https:\/\/www.granadablogs.com\/juezcalatayud\/2016\/01\/granada-entra-en-el-club-de-las-ciudades-con-ave-sin-tener-ave\/","title":{"rendered":"Granada entra en el club de las ciudades con AVE sin tener AVE"},"content":{"rendered":"<p>Buenas, soy Emilio Calatayud. Una de mis obsesiones es que el AVE llegue a Granada. Creo que es muy necesario para la ciudad y la provincia y, particularmente, es un medio de transporte que me gusta. De hecho, y cada vez con m\u00e1s frecuencia, viajo \u00a0en AVE cuando salgo fuera de Granada. Eso s\u00ed, para cogerlo tengo que ir hasta la estaci\u00f3n de Antequera, provincia de M\u00e1laga: una hora y poco en coche. Pues el caso es que los granadinos llevamos a\u00f1os esperando a que llegue el AVE y nunca acaba de llegar. Han gobernado los unos y los otros, han prometido fechas y nada de nada. Y as\u00ed hasta hoy, que, aunque hay obras, seguimos sin tener el AVE. Pues bien, a pesar de eso me cuentan que Granada acaba de ingresar en el club de ciudades con AVE. Yo pensaba que el requisito principal para entrar en ese club -que sirve para fomentar la colaboraci\u00f3n en materia tur\u00edstica- era tener AVE, pero se no conoce que no. \u00bfSe puede ser club de amigos de la capa sin tener capa? Parece que s\u00ed. Al menos en Granada, donde todo es posible.<\/p>\n<p>Eso es como cuando nuestros vecinos de Ja\u00e9n pidieron un aeropuerto y lo que hicieron las autoridades fue poner un cartel en el aeropuerto de Granada que dec\u00eda: Aeropuerto Granada-Ja\u00e9n. Y ya est\u00e1. As\u00ed que el aeropuerto de Ja\u00e9n ha sido el m\u00e1s barato de Espa\u00f1a: ha costado lo que un letrero.<\/p>\n<p>Todo esto es ver\u00eddico, aunque no lo parezca&#8230;.<\/p>\n","protected":false},"excerpt":{"rendered":"<p>Buenas, soy Emilio Calatayud. Una de mis obsesiones es que el AVE llegue a Granada. Creo que es muy necesario para la ciudad y la provincia y, particularmente, es un medio de transporte que me gusta. De hecho, y cada vez con m\u00e1s frecuencia, viajo \u00a0en AVE cuando salgo fuera de Granada. Eso s\u00ed, para [&hellip;]<\/p>\n","protected":false},"author":2,"featured_media":0,"comment_status":"open","ping_status":"open","sticky":false,"template":"","format":"standard","meta":{"jetpack_post_was_ever_published":false,"_jetpack_newsletter_access":"","_jetpack_dont_email_post_to_subs":false,"_jetpack_newsletter_tier_id":0,"_jetpack_memberships_contains_paywalled_content":false,"_jetpack_memberships_contains_paid_content":false,"footnotes":""},"categories":[1],"tags":[1326,15,704],"class_list":["post-4399","post","type-post","status-publish","format-standard","hentry","category-blog","tag-ave","tag-granada","tag-tren"],"jetpack_featured_media_url":"","jetpack_shortlink":"https:\/\/wp.me\/p5fzW5-18X","jetpack-related-posts":[],"jetpack_sharing_enabled":true,"_links":{"self":[{"href":"https:\/\/www.granadablogs.com\/juezcalatayud\/wp-json\/wp\/v2\/posts\/4399","targetHints":{"allow":["GET"]}}],"collection":[{"href":"https:\/\/www.granadablogs.com\/juezcalatayud\/wp-json\/wp\/v2\/posts"}],"about":[{"href":"https:\/\/www.granadablogs.com\/juezcalatayud\/wp-json\/wp\/v2\/types\/post"}],"author":[{"embeddable":true,"href":"https:\/\/www.granadablogs.com\/juezcalatayud\/wp-json\/wp\/v2\/users\/2"}],"replies":[{"embeddable":true,"href":"https:\/\/www.granadablogs.com\/juezcalatayud\/wp-json\/wp\/v2\/comments?post=4399"}],"version-history":[{"count":1,"href":"https:\/\/www.granadablogs.com\/juezcalatayud\/wp-json\/wp\/v2\/posts\/4399\/revisions"}],"predecessor-version":[{"id":4400,"href":"https:\/\/www.granadablogs.com\/juezcalatayud\/wp-json\/wp\/v2\/posts\/4399\/revisions\/4400"}],"wp:attachment":[{"href":"https:\/\/www.granadablogs.com\/juezcalatayud\/wp-json\/wp\/v2\/media?parent=4399"}],"wp:term":[{"taxonomy":"category","embeddable":true,"href":"https:\/\/www.granadablogs.com\/juezcalatayud\/wp-json\/wp\/v2\/categories?post=4399"},{"taxonomy":"post_tag","embeddable":true,"href":"https:\/\/www.granadablogs.com\/juezcalatayud\/wp-json\/wp\/v2\/tags?post=4399"}],"curies":[{"name":"wp","href":"https:\/\/api.w.org\/{rel}","templated":true}]}}