{"id":4370,"date":"2016-01-07T22:04:38","date_gmt":"2016-01-07T20:04:38","guid":{"rendered":"http:\/\/www.granadablogs.com\/juezcalatayud\/?p=4370"},"modified":"2016-01-07T22:04:38","modified_gmt":"2016-01-07T20:04:38","slug":"condenan-a-un-chaval-por-desvalijar-el-coche-de-la-policia-de-su-pueblo","status":"publish","type":"post","link":"https:\/\/www.granadablogs.com\/juezcalatayud\/2016\/01\/condenan-a-un-chaval-por-desvalijar-el-coche-de-la-policia-de-su-pueblo\/","title":{"rendered":"Condenan a un chaval por desvalijar el coche de la Polic\u00eda de su pueblo"},"content":{"rendered":"<p>&nbsp;<\/p>\n<p>Aqu\u00ed os dejamos un suceso curioso que ha ocurrido en Granada. Esperamos que os interese:<\/p>\n<p>\u00abNo se sabe si el golpe fue producto de la audacia o de la inconsciencia (o de las drogas). La sentencia judicial no lo aclara. Lo que s\u00ed dice la resoluci\u00f3n es que el sospechoso, que era menor de edad cuando sucedi\u00f3 el incidente, desvalij\u00f3 un coche patrulla de la Polic\u00eda Local de su pueblo -un municipio de la provincia de Granada- y se apoder\u00f3 de la &#8216;tableta&#8217; y el tel\u00e9fono oficiales de los agentes, y de una caja de herramientas. El valor del bot\u00edn, que posteriormente fue devuelto por el propio acusado a los guardias municipales, ascend\u00eda a 930 euros.<\/p>\n<p>La traducci\u00f3n al &#8216;lenguaje&#8217; penal de esa acci\u00f3n es la siguiente: un delito de hurto, ya que el material robado superaba el l\u00edmite de 400 euros que establece la ley.<\/p>\n<p>En este sentido, el juzgado ha impuesto al chico una medida de catorce meses de internamiento en un centro especializado en el tratamiento de menores infractores que son adictos a las drogas. Cuando salga, deber\u00e1 permanecer en libertad vigilada otros seis meses\u00bb.<\/p>\n","protected":false},"excerpt":{"rendered":"<p>&nbsp; Aqu\u00ed os dejamos un suceso curioso que ha ocurrido en Granada. Esperamos que os interese: \u00abNo se sabe si el golpe fue producto de la audacia o de la inconsciencia (o de las drogas). La sentencia judicial no lo aclara. Lo que s\u00ed dice la resoluci\u00f3n es que el sospechoso, que era menor de [&hellip;]<\/p>\n","protected":false},"author":3,"featured_media":0,"comment_status":"open","ping_status":"open","sticky":false,"template":"","format":"standard","meta":{"jetpack_post_was_ever_published":false,"_jetpack_newsletter_access":"","_jetpack_dont_email_post_to_subs":false,"_jetpack_newsletter_tier_id":0,"_jetpack_memberships_contains_paywalled_content":false,"_jetpack_memberships_contains_paid_content":false,"footnotes":""},"categories":[1],"tags":[1228,1310,330],"class_list":["post-4370","post","type-post","status-publish","format-standard","hentry","category-blog","tag-coche","tag-desvalijar","tag-policia"],"jetpack_featured_media_url":"","jetpack_shortlink":"https:\/\/wp.me\/p5fzW5-18u","jetpack-related-posts":[],"jetpack_sharing_enabled":true,"_links":{"self":[{"href":"https:\/\/www.granadablogs.com\/juezcalatayud\/wp-json\/wp\/v2\/posts\/4370","targetHints":{"allow":["GET"]}}],"collection":[{"href":"https:\/\/www.granadablogs.com\/juezcalatayud\/wp-json\/wp\/v2\/posts"}],"about":[{"href":"https:\/\/www.granadablogs.com\/juezcalatayud\/wp-json\/wp\/v2\/types\/post"}],"author":[{"embeddable":true,"href":"https:\/\/www.granadablogs.com\/juezcalatayud\/wp-json\/wp\/v2\/users\/3"}],"replies":[{"embeddable":true,"href":"https:\/\/www.granadablogs.com\/juezcalatayud\/wp-json\/wp\/v2\/comments?post=4370"}],"version-history":[{"count":2,"href":"https:\/\/www.granadablogs.com\/juezcalatayud\/wp-json\/wp\/v2\/posts\/4370\/revisions"}],"predecessor-version":[{"id":4372,"href":"https:\/\/www.granadablogs.com\/juezcalatayud\/wp-json\/wp\/v2\/posts\/4370\/revisions\/4372"}],"wp:attachment":[{"href":"https:\/\/www.granadablogs.com\/juezcalatayud\/wp-json\/wp\/v2\/media?parent=4370"}],"wp:term":[{"taxonomy":"category","embeddable":true,"href":"https:\/\/www.granadablogs.com\/juezcalatayud\/wp-json\/wp\/v2\/categories?post=4370"},{"taxonomy":"post_tag","embeddable":true,"href":"https:\/\/www.granadablogs.com\/juezcalatayud\/wp-json\/wp\/v2\/tags?post=4370"}],"curies":[{"name":"wp","href":"https:\/\/api.w.org\/{rel}","templated":true}]}}