{"id":4367,"date":"2016-01-06T21:28:51","date_gmt":"2016-01-06T19:28:51","guid":{"rendered":"http:\/\/www.granadablogs.com\/juezcalatayud\/?p=4367"},"modified":"2016-01-06T21:28:51","modified_gmt":"2016-01-06T19:28:51","slug":"los-reyes-magos-me-han-dejado-una-americana-de-pana-que-va-con-to","status":"publish","type":"post","link":"https:\/\/www.granadablogs.com\/juezcalatayud\/2016\/01\/los-reyes-magos-me-han-dejado-una-americana-de-pana-que-va-con-to\/","title":{"rendered":"Los Reyes Magos me han dejado una americana de pana que va con &#8216;to&#8217;"},"content":{"rendered":"<p>Buenas, soy Emilio Calatayud. Aparte de cosas inmateriales y una mala salud de hierro, los Reyes Magos me han dejado una americana de pana que va con &#8216;to&#8217;, como se dec\u00eda antes -o igual se dice tambi\u00e9n ahora-. Lo mismo vale para ir de &#8216;sport&#8217; que para &#8216;vestir&#8217; -otra expresi\u00f3n de antes-. Las chaquetas de pana eran la prenda preferida de los pijos rurales, que son muy distintos a los pijos de ciudad. Y s\u00e9 lo que digo porque estudi\u00e9 en Madrid y all\u00ed fui un pijo rural. A los que \u00e9ramos de provincias, en mi caso de Ciudad Real, se nos reconoc\u00eda por la pana y las camisas de cuadros. Yo prefiero esa moda rural. Y por eso no me han gustado los trajes de los Reyes Magos de Madrid, que parec\u00edan de \u00c1gata Ruiz de la Prada. No digo yo que deber\u00edan haber ido con americanas de pana, pero&#8230; Bueno, esa es otra historia.<\/p>\n<p>Lo importante es que ya tengo mi chaqueta nueva para las conferencias, ja, ja, ja.<\/p>\n","protected":false},"excerpt":{"rendered":"<p>Buenas, soy Emilio Calatayud. Aparte de cosas inmateriales y una mala salud de hierro, los Reyes Magos me han dejado una americana de pana que va con &#8216;to&#8217;, como se dec\u00eda antes -o igual se dice tambi\u00e9n ahora-. Lo mismo vale para ir de &#8216;sport&#8217; que para &#8216;vestir&#8217; -otra expresi\u00f3n de antes-. Las chaquetas de [&hellip;]<\/p>\n","protected":false},"author":2,"featured_media":0,"comment_status":"open","ping_status":"open","sticky":false,"template":"","format":"standard","meta":{"jetpack_post_was_ever_published":false,"_jetpack_newsletter_access":"","_jetpack_dont_email_post_to_subs":false,"_jetpack_newsletter_tier_id":0,"_jetpack_memberships_contains_paywalled_content":false,"_jetpack_memberships_contains_paid_content":false,"footnotes":""},"categories":[1],"tags":[1309,1007,258],"class_list":["post-4367","post","type-post","status-publish","format-standard","hentry","category-blog","tag-americana","tag-pana","tag-reyes-magos"],"jetpack_featured_media_url":"","jetpack_shortlink":"https:\/\/wp.me\/p5fzW5-18r","jetpack-related-posts":[],"jetpack_sharing_enabled":true,"_links":{"self":[{"href":"https:\/\/www.granadablogs.com\/juezcalatayud\/wp-json\/wp\/v2\/posts\/4367","targetHints":{"allow":["GET"]}}],"collection":[{"href":"https:\/\/www.granadablogs.com\/juezcalatayud\/wp-json\/wp\/v2\/posts"}],"about":[{"href":"https:\/\/www.granadablogs.com\/juezcalatayud\/wp-json\/wp\/v2\/types\/post"}],"author":[{"embeddable":true,"href":"https:\/\/www.granadablogs.com\/juezcalatayud\/wp-json\/wp\/v2\/users\/2"}],"replies":[{"embeddable":true,"href":"https:\/\/www.granadablogs.com\/juezcalatayud\/wp-json\/wp\/v2\/comments?post=4367"}],"version-history":[{"count":1,"href":"https:\/\/www.granadablogs.com\/juezcalatayud\/wp-json\/wp\/v2\/posts\/4367\/revisions"}],"predecessor-version":[{"id":4368,"href":"https:\/\/www.granadablogs.com\/juezcalatayud\/wp-json\/wp\/v2\/posts\/4367\/revisions\/4368"}],"wp:attachment":[{"href":"https:\/\/www.granadablogs.com\/juezcalatayud\/wp-json\/wp\/v2\/media?parent=4367"}],"wp:term":[{"taxonomy":"category","embeddable":true,"href":"https:\/\/www.granadablogs.com\/juezcalatayud\/wp-json\/wp\/v2\/categories?post=4367"},{"taxonomy":"post_tag","embeddable":true,"href":"https:\/\/www.granadablogs.com\/juezcalatayud\/wp-json\/wp\/v2\/tags?post=4367"}],"curies":[{"name":"wp","href":"https:\/\/api.w.org\/{rel}","templated":true}]}}