{"id":4309,"date":"2015-12-13T19:58:01","date_gmt":"2015-12-13T17:58:01","guid":{"rendered":"http:\/\/www.granadablogs.com\/juezcalatayud\/?p=4309"},"modified":"2015-12-13T19:59:48","modified_gmt":"2015-12-13T17:59:48","slug":"cuando-era-pequena-y-me-peleaba-con-una-amiga-los-profesores-nos-castigaban-a-los-dos-y-nuestros-padres-tambien","status":"publish","type":"post","link":"https:\/\/www.granadablogs.com\/juezcalatayud\/2015\/12\/cuando-era-pequena-y-me-peleaba-con-una-amiga-los-profesores-nos-castigaban-a-los-dos-y-nuestros-padres-tambien\/","title":{"rendered":"\u00abCuando era peque\u00f1a y me peleaba con una amiga, los profesores nos castigaban a los dos y nuestros padres tambi\u00e9n\u00bb"},"content":{"rendered":"<p>Hola, soy Carlos Mor\u00e1n, el periodista compa\u00f1ero de blog de don Emilio. Aqu\u00ed os dejo un peque\u00f1o fragmento de una entrevista con Mar\u00eda del Valle Medina, una experta granadina en el tratamiento de ni\u00f1os y adolescentes conflictivos&#8230; y de sus familias.<\/p>\n<p>\u00abSe ha perdido el valor de la familia, el papel que siempre ha tenido la familia en la educaci\u00f3n, que estaba incluso por encima del que ejerc\u00eda la escuela. Ahora, en cambio, parece que los padres delegamos en otras instituciones. Cuando yo era peque\u00f1a y me peleaba con una compa\u00f1era del colegio, los profesores nos castigaban a las dos. Pero es que luego, mis padres y los de la otra tambi\u00e9n nos castigaban a las dos. As\u00ed se solucionaban los problemas\u00bb.<\/p>\n<p>\u00abLos padres lo tenemos muy, muy dif\u00edcil hoy en d\u00eda. Mi hijo s\u00f3lo tiene ocho a\u00f1os y ya lleva dos o tres pidi\u00e9ndole a los Reyes Magos que le traigan una &#8216;Nintendo&#8217; o una &#8216;Play&#8217; Y los Reyes Magos le han escrito para decirle que no tiene edad para &#8216;nintendos&#8217;, que se vaya al parque a dar balonazos. Pero sus compa\u00f1eros de colegio si tienen la &#8216;Play&#8217;&#8230; Por eso lo tenemos muy dif\u00edcil&#8230;\u00bb<\/p>\n","protected":false},"excerpt":{"rendered":"<p>Hola, soy Carlos Mor\u00e1n, el periodista compa\u00f1ero de blog de don Emilio. Aqu\u00ed os dejo un peque\u00f1o fragmento de una entrevista con Mar\u00eda del Valle Medina, una experta granadina en el tratamiento de ni\u00f1os y adolescentes conflictivos&#8230; y de sus familias. \u00abSe ha perdido el valor de la familia, el papel que siempre ha tenido [&hellip;]<\/p>\n","protected":false},"author":3,"featured_media":0,"comment_status":"open","ping_status":"open","sticky":false,"template":"","format":"standard","meta":{"jetpack_post_was_ever_published":false,"_jetpack_newsletter_access":"","_jetpack_dont_email_post_to_subs":false,"_jetpack_newsletter_tier_id":0,"_jetpack_memberships_contains_paywalled_content":false,"_jetpack_memberships_contains_paid_content":false,"footnotes":""},"categories":[1],"tags":[1297,90,98],"class_list":["post-4309","post","type-post","status-publish","format-standard","hentry","category-blog","tag-casstigos","tag-padres","tag-profesores"],"jetpack_featured_media_url":"","jetpack_shortlink":"https:\/\/wp.me\/p5fzW5-17v","jetpack-related-posts":[],"jetpack_sharing_enabled":true,"_links":{"self":[{"href":"https:\/\/www.granadablogs.com\/juezcalatayud\/wp-json\/wp\/v2\/posts\/4309","targetHints":{"allow":["GET"]}}],"collection":[{"href":"https:\/\/www.granadablogs.com\/juezcalatayud\/wp-json\/wp\/v2\/posts"}],"about":[{"href":"https:\/\/www.granadablogs.com\/juezcalatayud\/wp-json\/wp\/v2\/types\/post"}],"author":[{"embeddable":true,"href":"https:\/\/www.granadablogs.com\/juezcalatayud\/wp-json\/wp\/v2\/users\/3"}],"replies":[{"embeddable":true,"href":"https:\/\/www.granadablogs.com\/juezcalatayud\/wp-json\/wp\/v2\/comments?post=4309"}],"version-history":[{"count":2,"href":"https:\/\/www.granadablogs.com\/juezcalatayud\/wp-json\/wp\/v2\/posts\/4309\/revisions"}],"predecessor-version":[{"id":4311,"href":"https:\/\/www.granadablogs.com\/juezcalatayud\/wp-json\/wp\/v2\/posts\/4309\/revisions\/4311"}],"wp:attachment":[{"href":"https:\/\/www.granadablogs.com\/juezcalatayud\/wp-json\/wp\/v2\/media?parent=4309"}],"wp:term":[{"taxonomy":"category","embeddable":true,"href":"https:\/\/www.granadablogs.com\/juezcalatayud\/wp-json\/wp\/v2\/categories?post=4309"},{"taxonomy":"post_tag","embeddable":true,"href":"https:\/\/www.granadablogs.com\/juezcalatayud\/wp-json\/wp\/v2\/tags?post=4309"}],"curies":[{"name":"wp","href":"https:\/\/api.w.org\/{rel}","templated":true}]}}