{"id":4104,"date":"2015-09-21T20:21:13","date_gmt":"2015-09-21T18:21:13","guid":{"rendered":"http:\/\/www.granadablogs.com\/juezcalatayud\/?p=4104"},"modified":"2015-09-21T20:21:13","modified_gmt":"2015-09-21T18:21:13","slug":"la-vida-se-te-vuelve-boca-abajo","status":"publish","type":"post","link":"https:\/\/www.granadablogs.com\/juezcalatayud\/2015\/09\/la-vida-se-te-vuelve-boca-abajo\/","title":{"rendered":"\u00abLa vida se te vuelve boca abajo\u00bb"},"content":{"rendered":"<p><span style=\"font-family: 'Eras Bk BT', sans-serif;\"><span style=\"color: #333333;\"><span style=\"font-family: 'Open Sans', sans-serif;\"><span style=\"font-size: medium;\"><a href=\"http:\/\/www.granadablogs.com\/juezcalatayud\/wp-content\/uploads\/2015\/09\/Depresi\u00f3n.jpg\"><img loading=\"lazy\" decoding=\"async\" class=\"aligncenter size-medium wp-image-4106\" src=\"http:\/\/www.granadablogs.com\/juezcalatayud\/wp-content\/uploads\/2015\/09\/Depresi\u00f3n-238x300.jpg\" alt=\"DOCU_GRUPO\" width=\"238\" height=\"300\" srcset=\"https:\/\/www.granadablogs.com\/juezcalatayud\/wp-content\/uploads\/2015\/09\/Depresi\u00f3n-238x300.jpg 238w, https:\/\/www.granadablogs.com\/juezcalatayud\/wp-content\/uploads\/2015\/09\/Depresi\u00f3n.jpg 634w\" sizes=\"auto, (max-width: 238px) 100vw, 238px\" \/><\/a><\/span><\/span><\/span><\/span><\/p>\n<p><span style=\"font-family: 'Eras Bk BT', sans-serif;\"><span style=\"color: #333333;\"><span style=\"font-family: 'Open Sans', sans-serif;\"><span style=\"font-size: medium;\">Los trastornos de conducta graves y las enfermedades mentales generan un enorme sufrimiento a los propios pacientes y a sus familias. Aqu\u00ed os dejamos el testimonio de una madre que convive a diario con este problema. En su relato hay dolor, pero tambi\u00e9n esperanza. Esperamos que sea de vuestro inter\u00e9s.\u00a0<\/span><\/span><\/span><\/span><\/p>\n<p><span style=\"font-family: 'Eras Bk BT', sans-serif;\"><span style=\"color: #333333;\"><span style=\"font-family: 'Open Sans', sans-serif;\"><span style=\"font-size: medium;\">No hubo avisos ni signos de alarma. Ocurri\u00f3 de repente. Marisa \u2013el nombre es figurado\u2013 vio a su hija adolescente encaramada a una ventana para tirarse al vac\u00edo. Tuvo que forcejear con ella, pero logr\u00f3 sujetarla antes de que saltara. \u00abCuando te sucede algo as\u00ed, la vida se te vuelve boca abajo\u00bb, afirma con una voz dulce. Marisa tiene la mirada inquieta propia de las personas que est\u00e1n siempre en guardia. Es comprensible. Se ha convertido en la guardaespaldas de su hija y ejerce las 24 horas del d\u00eda. No hay domingos ni d\u00edas de fiesta. Porque despu\u00e9s de aquel primer intento de suicidio hubo otro. \u00abNo entiendes nada. No sabes qu\u00e9 est\u00e1 pasando. Es una sensaci\u00f3n muy angustiosa. Y es dif\u00edcil encontrar respuestas. Cuando mi hija trat\u00f3 de matarse la primera vez, me fui con ella a urgencias aqu\u00ed en Granada. Estuvo en observaci\u00f3n durante unas horas, luego le dieron el alta y me dijeron que me la llevara a casa. Pero yo segu\u00eda teniendo la cabeza llenas de preguntas y estaba asustada. \u00bfPor qu\u00e9 lo ha hecho? \u00bfQu\u00e9 le ocurre? Los psic\u00f3logos me dijeron que para saber eso har\u00eda falta un examen m\u00e1s detenido, pero en urgencias no pod\u00edan hacerlo. Pod\u00eda acudir a la unidad de agudos, pero no hay un espacio dedicado para los menores, y todos me aconsejaron que no la ingresara con los adultos porque iba a ser contraproducente. La otra alternativa era irnos a Ja\u00e9n, donde s\u00ed existe una unidad psiqui\u00e1trica infanto-juvenil, pero estaba saturada y no hab\u00eda plazas\u00bb. Marisa y su hija se quedaron en casa e intentaron recuperar la normalidad. Pero la pesadilla volvi\u00f3 a repetirse. Afortunadamente, la joven tampoco logr\u00f3 quitarse la vida. Marisa cogi\u00f3 a su hija, hizo las maletas y viajaron a Madrid, hasta la puertas del Hospital Gregorio Mara\u00f1\u00f3n, que cuenta con una de los mejores servicios psiqui\u00e1tricos de Espa\u00f1a para ni\u00f1os y adolescentes. \u00abEntramos por urgencias y al final la ingresaron para tratarla\u00bb. Diez d\u00edas estuvo Marisa yendo y viniendo a la capital de Espa\u00f1a para seguir la evoluci\u00f3n de su hija, pero el diagn\u00f3stico lleg\u00f3. \u00abNo tiene una enfermedad mental de base. Sufre un trastorno de conducta que necesita un tratamiento que va a ser largo. Actualmente, va tres d\u00edas a la unidad de d\u00eda que hay aqu\u00ed en Granada. Y me consta que los profesionales se dejan la piel por ella y por todos los pacientes que est\u00e1n all\u00ed, pero necesitan m\u00e1s medios humanos y materiales. En Granada tenemos una sanidad inmejorable en la mayor\u00eda de las especialidades, pero hace falta una unidad de psiquiatr\u00eda infanto-juvenil. Y ya no lo digo por mi hija, que estoy segura de que va a salir adelante, sino por todos los chicos y chicas a las que he conocido durante estas semanas. Por ellos y por sus familias, que, adem\u00e1s, tienen que luchar contra el estigma que supone la enfermedad mental\u00bb.\u00a0<\/span><\/span><\/span> <\/span><\/p>\n","protected":false},"excerpt":{"rendered":"<p>Los trastornos de conducta graves y las enfermedades mentales generan un enorme sufrimiento a los propios pacientes y a sus familias. Aqu\u00ed os dejamos el testimonio de una madre que convive a diario con este problema. En su relato hay dolor, pero tambi\u00e9n esperanza. Esperamos que sea de vuestro inter\u00e9s.\u00a0 No hubo avisos ni signos [&hellip;]<\/p>\n","protected":false},"author":3,"featured_media":0,"comment_status":"open","ping_status":"open","sticky":false,"template":"","format":"standard","meta":{"jetpack_post_was_ever_published":false,"_jetpack_newsletter_access":"","_jetpack_dont_email_post_to_subs":false,"_jetpack_newsletter_tier_id":0,"_jetpack_memberships_contains_paywalled_content":false,"_jetpack_memberships_contains_paid_content":false,"footnotes":""},"categories":[1],"tags":[],"class_list":["post-4104","post","type-post","status-publish","format-standard","hentry","category-blog"],"jetpack_featured_media_url":"","jetpack_shortlink":"https:\/\/wp.me\/p5fzW5-14c","jetpack-related-posts":[],"jetpack_sharing_enabled":true,"_links":{"self":[{"href":"https:\/\/www.granadablogs.com\/juezcalatayud\/wp-json\/wp\/v2\/posts\/4104","targetHints":{"allow":["GET"]}}],"collection":[{"href":"https:\/\/www.granadablogs.com\/juezcalatayud\/wp-json\/wp\/v2\/posts"}],"about":[{"href":"https:\/\/www.granadablogs.com\/juezcalatayud\/wp-json\/wp\/v2\/types\/post"}],"author":[{"embeddable":true,"href":"https:\/\/www.granadablogs.com\/juezcalatayud\/wp-json\/wp\/v2\/users\/3"}],"replies":[{"embeddable":true,"href":"https:\/\/www.granadablogs.com\/juezcalatayud\/wp-json\/wp\/v2\/comments?post=4104"}],"version-history":[{"count":3,"href":"https:\/\/www.granadablogs.com\/juezcalatayud\/wp-json\/wp\/v2\/posts\/4104\/revisions"}],"predecessor-version":[{"id":4108,"href":"https:\/\/www.granadablogs.com\/juezcalatayud\/wp-json\/wp\/v2\/posts\/4104\/revisions\/4108"}],"wp:attachment":[{"href":"https:\/\/www.granadablogs.com\/juezcalatayud\/wp-json\/wp\/v2\/media?parent=4104"}],"wp:term":[{"taxonomy":"category","embeddable":true,"href":"https:\/\/www.granadablogs.com\/juezcalatayud\/wp-json\/wp\/v2\/categories?post=4104"},{"taxonomy":"post_tag","embeddable":true,"href":"https:\/\/www.granadablogs.com\/juezcalatayud\/wp-json\/wp\/v2\/tags?post=4104"}],"curies":[{"name":"wp","href":"https:\/\/api.w.org\/{rel}","templated":true}]}}