{"id":3989,"date":"2015-08-11T20:35:01","date_gmt":"2015-08-11T18:35:01","guid":{"rendered":"http:\/\/www.granadablogs.com\/juezcalatayud\/?p=3989"},"modified":"2015-08-11T20:35:01","modified_gmt":"2015-08-11T18:35:01","slug":"hombres-que-matan-a-sus-hijos","status":"publish","type":"post","link":"https:\/\/www.granadablogs.com\/juezcalatayud\/2015\/08\/hombres-que-matan-a-sus-hijos\/","title":{"rendered":"Hombres que matan a sus hijos"},"content":{"rendered":"<p>Buenas, soy Emilio Calatayud. Este verano ha habido hombres que han matado a sus hijos. Son noticias terribles y lo primero es dar el p\u00e9same a las familias de las criaturas. Cuando ocurre algo as\u00ed, siempre me pregunto si el hombre nace malo y se contiene por la educaci\u00f3n, las normas, etc o si nace bueno y son los acontecimientos de la vida los que le convierten en un demonio en alg\u00fan momento. Estos sucesos, en definitiva, te hacen dudar de la naturaleza humana.<\/p>\n","protected":false},"excerpt":{"rendered":"<p>Buenas, soy Emilio Calatayud. Este verano ha habido hombres que han matado a sus hijos. Son noticias terribles y lo primero es dar el p\u00e9same a las familias de las criaturas. Cuando ocurre algo as\u00ed, siempre me pregunto si el hombre nace malo y se contiene por la educaci\u00f3n, las normas, etc o si nace [&hellip;]<\/p>\n","protected":false},"author":2,"featured_media":0,"comment_status":"open","ping_status":"open","sticky":false,"template":"","format":"standard","meta":{"jetpack_post_was_ever_published":false,"_jetpack_newsletter_access":"","_jetpack_dont_email_post_to_subs":false,"_jetpack_newsletter_tier_id":0,"_jetpack_memberships_contains_paywalled_content":false,"_jetpack_memberships_contains_paid_content":false,"footnotes":""},"categories":[1],"tags":[189,1167,1168],"class_list":["post-3989","post","type-post","status-publish","format-standard","hentry","category-blog","tag-hijos","tag-hombre","tag-matan"],"jetpack_featured_media_url":"","jetpack_shortlink":"https:\/\/wp.me\/p5fzW5-12l","jetpack-related-posts":[],"jetpack_sharing_enabled":true,"_links":{"self":[{"href":"https:\/\/www.granadablogs.com\/juezcalatayud\/wp-json\/wp\/v2\/posts\/3989","targetHints":{"allow":["GET"]}}],"collection":[{"href":"https:\/\/www.granadablogs.com\/juezcalatayud\/wp-json\/wp\/v2\/posts"}],"about":[{"href":"https:\/\/www.granadablogs.com\/juezcalatayud\/wp-json\/wp\/v2\/types\/post"}],"author":[{"embeddable":true,"href":"https:\/\/www.granadablogs.com\/juezcalatayud\/wp-json\/wp\/v2\/users\/2"}],"replies":[{"embeddable":true,"href":"https:\/\/www.granadablogs.com\/juezcalatayud\/wp-json\/wp\/v2\/comments?post=3989"}],"version-history":[{"count":1,"href":"https:\/\/www.granadablogs.com\/juezcalatayud\/wp-json\/wp\/v2\/posts\/3989\/revisions"}],"predecessor-version":[{"id":3990,"href":"https:\/\/www.granadablogs.com\/juezcalatayud\/wp-json\/wp\/v2\/posts\/3989\/revisions\/3990"}],"wp:attachment":[{"href":"https:\/\/www.granadablogs.com\/juezcalatayud\/wp-json\/wp\/v2\/media?parent=3989"}],"wp:term":[{"taxonomy":"category","embeddable":true,"href":"https:\/\/www.granadablogs.com\/juezcalatayud\/wp-json\/wp\/v2\/categories?post=3989"},{"taxonomy":"post_tag","embeddable":true,"href":"https:\/\/www.granadablogs.com\/juezcalatayud\/wp-json\/wp\/v2\/tags?post=3989"}],"curies":[{"name":"wp","href":"https:\/\/api.w.org\/{rel}","templated":true}]}}