{"id":3893,"date":"2015-06-28T21:07:12","date_gmt":"2015-06-28T19:07:12","guid":{"rendered":"http:\/\/www.granadablogs.com\/juezcalatayud\/?p=3893"},"modified":"2015-06-28T21:07:12","modified_gmt":"2015-06-28T19:07:12","slug":"una-muerte-que-ojala-sirva-para-concienciar-a-los-que-no-vacunan-a-sus-hijos","status":"publish","type":"post","link":"https:\/\/www.granadablogs.com\/juezcalatayud\/2015\/06\/una-muerte-que-ojala-sirva-para-concienciar-a-los-que-no-vacunan-a-sus-hijos\/","title":{"rendered":"Una muerte que ojal\u00e1 sirva para concienciar a los que no vacunan a sus hijos"},"content":{"rendered":"<p>Buenas, soy Emilio Calatayud. Finalmente ha fallecido el ni\u00f1o de seis a\u00f1os que contrajo la difteria por no estar vacunado. Vaya desde aqu\u00ed nuestro p\u00e9same a sus padres y a su familia. No es momento de reproches. Nadie est\u00e1 preparado para la muerte de un hijo. No hay nada peor que un hijo se vaya antes que sus padres. El \u00fanico consuelo que nos queda es que ojal\u00e1 este drama sirva para concienciar a esa minor\u00eda de padres que todav\u00eda no vacunan a sus hijos. Le har\u00e1n un favor a sus hijos y tambi\u00e9n a los hijos de los dem\u00e1s.<\/p>\n","protected":false},"excerpt":{"rendered":"<p>Buenas, soy Emilio Calatayud. Finalmente ha fallecido el ni\u00f1o de seis a\u00f1os que contrajo la difteria por no estar vacunado. Vaya desde aqu\u00ed nuestro p\u00e9same a sus padres y a su familia. No es momento de reproches. Nadie est\u00e1 preparado para la muerte de un hijo. No hay nada peor que un hijo se vaya [&hellip;]<\/p>\n","protected":false},"author":2,"featured_media":0,"comment_status":"open","ping_status":"open","sticky":false,"template":"","format":"standard","meta":{"jetpack_post_was_ever_published":false,"_jetpack_newsletter_access":"","_jetpack_dont_email_post_to_subs":false,"_jetpack_newsletter_tier_id":0,"_jetpack_memberships_contains_paywalled_content":false,"_jetpack_memberships_contains_paid_content":false,"footnotes":""},"categories":[1],"tags":[1121,1140],"class_list":["post-3893","post","type-post","status-publish","format-standard","hentry","category-blog","tag-difteria","tag-vacunas"],"jetpack_featured_media_url":"","jetpack_shortlink":"https:\/\/wp.me\/p5fzW5-10N","jetpack-related-posts":[],"jetpack_sharing_enabled":true,"_links":{"self":[{"href":"https:\/\/www.granadablogs.com\/juezcalatayud\/wp-json\/wp\/v2\/posts\/3893","targetHints":{"allow":["GET"]}}],"collection":[{"href":"https:\/\/www.granadablogs.com\/juezcalatayud\/wp-json\/wp\/v2\/posts"}],"about":[{"href":"https:\/\/www.granadablogs.com\/juezcalatayud\/wp-json\/wp\/v2\/types\/post"}],"author":[{"embeddable":true,"href":"https:\/\/www.granadablogs.com\/juezcalatayud\/wp-json\/wp\/v2\/users\/2"}],"replies":[{"embeddable":true,"href":"https:\/\/www.granadablogs.com\/juezcalatayud\/wp-json\/wp\/v2\/comments?post=3893"}],"version-history":[{"count":1,"href":"https:\/\/www.granadablogs.com\/juezcalatayud\/wp-json\/wp\/v2\/posts\/3893\/revisions"}],"predecessor-version":[{"id":3894,"href":"https:\/\/www.granadablogs.com\/juezcalatayud\/wp-json\/wp\/v2\/posts\/3893\/revisions\/3894"}],"wp:attachment":[{"href":"https:\/\/www.granadablogs.com\/juezcalatayud\/wp-json\/wp\/v2\/media?parent=3893"}],"wp:term":[{"taxonomy":"category","embeddable":true,"href":"https:\/\/www.granadablogs.com\/juezcalatayud\/wp-json\/wp\/v2\/categories?post=3893"},{"taxonomy":"post_tag","embeddable":true,"href":"https:\/\/www.granadablogs.com\/juezcalatayud\/wp-json\/wp\/v2\/tags?post=3893"}],"curies":[{"name":"wp","href":"https:\/\/api.w.org\/{rel}","templated":true}]}}