{"id":3878,"date":"2015-06-22T19:52:09","date_gmt":"2015-06-22T17:52:09","guid":{"rendered":"http:\/\/www.granadablogs.com\/juezcalatayud\/?p=3878"},"modified":"2015-06-22T19:52:09","modified_gmt":"2015-06-22T17:52:09","slug":"que-mayor-soy","status":"publish","type":"post","link":"https:\/\/www.granadablogs.com\/juezcalatayud\/2015\/06\/que-mayor-soy\/","title":{"rendered":"\u00a1Qu\u00e9 mayor soy!"},"content":{"rendered":"<p>Buenas, soy Emilio Calatayud. Acabo de regresar de la Escuela Judicial de Barcelona -he ido y he venido en el mismo d\u00eda-, donde he dado una charla a los nuevos jueces y juezas que est\u00e1n completando su formaci\u00f3n antes de que les den un destino. Era la segunda vez que lo hac\u00eda y es una experiencia muy valiosa. Aprendo yo m\u00e1s de ellos que ellos de m\u00ed. Pero esta segunda vez me ha dado un poco de v\u00e9rtigo. Me he visto a mismo dando clase a los jueces y me he dicho: &#8216;\u00a1Qu\u00e9 mayor soy!&#8217;. Pero el v\u00e9rtigo se me ha ido enseguida gracias al cari\u00f1o de los &#8216;alumnos&#8217;. Se han querido hacer &#8216;selfies&#8217; conmigo porque, por lo visto, alguna madre y alg\u00fan padre me conoc\u00edan. Espero que les vaya muy bien a todos porque eso ser\u00e1 bueno para la sociedad y para la propia justicia. Ojal\u00e1 la profesi\u00f3n les d\u00e9 tantas satisfacciones como a m\u00ed. Me gustar ser juez&#8230; y de Menores, por supuesto.<\/p>\n","protected":false},"excerpt":{"rendered":"<p>Buenas, soy Emilio Calatayud. Acabo de regresar de la Escuela Judicial de Barcelona -he ido y he venido en el mismo d\u00eda-, donde he dado una charla a los nuevos jueces y juezas que est\u00e1n completando su formaci\u00f3n antes de que les den un destino. Era la segunda vez que lo hac\u00eda y es una [&hellip;]<\/p>\n","protected":false},"author":2,"featured_media":0,"comment_status":"open","ping_status":"open","sticky":false,"template":"","format":"standard","meta":{"jetpack_post_was_ever_published":false,"_jetpack_newsletter_access":"","_jetpack_dont_email_post_to_subs":false,"_jetpack_newsletter_tier_id":0,"_jetpack_memberships_contains_paywalled_content":false,"_jetpack_memberships_contains_paid_content":false,"footnotes":""},"categories":[1],"tags":[1134,1133,868],"class_list":["post-3878","post","type-post","status-publish","format-standard","hentry","category-blog","tag-mayor","tag-que","tag-soy"],"jetpack_featured_media_url":"","jetpack_shortlink":"https:\/\/wp.me\/p5fzW5-10y","jetpack-related-posts":[],"jetpack_sharing_enabled":true,"_links":{"self":[{"href":"https:\/\/www.granadablogs.com\/juezcalatayud\/wp-json\/wp\/v2\/posts\/3878","targetHints":{"allow":["GET"]}}],"collection":[{"href":"https:\/\/www.granadablogs.com\/juezcalatayud\/wp-json\/wp\/v2\/posts"}],"about":[{"href":"https:\/\/www.granadablogs.com\/juezcalatayud\/wp-json\/wp\/v2\/types\/post"}],"author":[{"embeddable":true,"href":"https:\/\/www.granadablogs.com\/juezcalatayud\/wp-json\/wp\/v2\/users\/2"}],"replies":[{"embeddable":true,"href":"https:\/\/www.granadablogs.com\/juezcalatayud\/wp-json\/wp\/v2\/comments?post=3878"}],"version-history":[{"count":2,"href":"https:\/\/www.granadablogs.com\/juezcalatayud\/wp-json\/wp\/v2\/posts\/3878\/revisions"}],"predecessor-version":[{"id":3880,"href":"https:\/\/www.granadablogs.com\/juezcalatayud\/wp-json\/wp\/v2\/posts\/3878\/revisions\/3880"}],"wp:attachment":[{"href":"https:\/\/www.granadablogs.com\/juezcalatayud\/wp-json\/wp\/v2\/media?parent=3878"}],"wp:term":[{"taxonomy":"category","embeddable":true,"href":"https:\/\/www.granadablogs.com\/juezcalatayud\/wp-json\/wp\/v2\/categories?post=3878"},{"taxonomy":"post_tag","embeddable":true,"href":"https:\/\/www.granadablogs.com\/juezcalatayud\/wp-json\/wp\/v2\/tags?post=3878"}],"curies":[{"name":"wp","href":"https:\/\/api.w.org\/{rel}","templated":true}]}}