{"id":3729,"date":"2015-04-13T20:55:38","date_gmt":"2015-04-13T18:55:38","guid":{"rendered":"http:\/\/www.granadablogs.com\/juezcalatayud\/?p=3729"},"modified":"2015-04-13T20:55:38","modified_gmt":"2015-04-13T18:55:38","slug":"besos-para-todos","status":"publish","type":"post","link":"https:\/\/www.granadablogs.com\/juezcalatayud\/2015\/04\/besos-para-todos\/","title":{"rendered":"Besos para todos"},"content":{"rendered":"<p>Buenas, soy Emilio Calatayud. Me entero algo tarde -pero m\u00e1s vale tarde que nunca- de que hoy, 13 de abril, es el D\u00eda Internacional del Beso. Es que ya hay d\u00edas para todo, pero mejor que sea el d\u00eda del beso o del abrazo, que no el de la bofetada o el insulto. Lo que no s\u00e9 es si ya hay un d\u00eda internacional dedicado al sentido com\u00fan, pero esa es otra historia.<\/p>\n<p>Hoy vamos a lo que vamos: Besos para todos.<\/p>\n","protected":false},"excerpt":{"rendered":"<p>Buenas, soy Emilio Calatayud. Me entero algo tarde -pero m\u00e1s vale tarde que nunca- de que hoy, 13 de abril, es el D\u00eda Internacional del Beso. Es que ya hay d\u00edas para todo, pero mejor que sea el d\u00eda del beso o del abrazo, que no el de la bofetada o el insulto. Lo que [&hellip;]<\/p>\n","protected":false},"author":2,"featured_media":0,"comment_status":"open","ping_status":"open","sticky":false,"template":"","format":"standard","meta":{"jetpack_post_was_ever_published":false,"_jetpack_newsletter_access":"","_jetpack_dont_email_post_to_subs":false,"_jetpack_newsletter_tier_id":0,"_jetpack_memberships_contains_paywalled_content":false,"_jetpack_memberships_contains_paid_content":false,"footnotes":""},"categories":[1],"tags":[1075,624,749],"class_list":["post-3729","post","type-post","status-publish","format-standard","hentry","category-blog","tag-beso","tag-dia","tag-internacional"],"jetpack_featured_media_url":"","jetpack_shortlink":"https:\/\/wp.me\/p5fzW5-Y9","jetpack-related-posts":[],"jetpack_sharing_enabled":true,"_links":{"self":[{"href":"https:\/\/www.granadablogs.com\/juezcalatayud\/wp-json\/wp\/v2\/posts\/3729","targetHints":{"allow":["GET"]}}],"collection":[{"href":"https:\/\/www.granadablogs.com\/juezcalatayud\/wp-json\/wp\/v2\/posts"}],"about":[{"href":"https:\/\/www.granadablogs.com\/juezcalatayud\/wp-json\/wp\/v2\/types\/post"}],"author":[{"embeddable":true,"href":"https:\/\/www.granadablogs.com\/juezcalatayud\/wp-json\/wp\/v2\/users\/2"}],"replies":[{"embeddable":true,"href":"https:\/\/www.granadablogs.com\/juezcalatayud\/wp-json\/wp\/v2\/comments?post=3729"}],"version-history":[{"count":1,"href":"https:\/\/www.granadablogs.com\/juezcalatayud\/wp-json\/wp\/v2\/posts\/3729\/revisions"}],"predecessor-version":[{"id":3730,"href":"https:\/\/www.granadablogs.com\/juezcalatayud\/wp-json\/wp\/v2\/posts\/3729\/revisions\/3730"}],"wp:attachment":[{"href":"https:\/\/www.granadablogs.com\/juezcalatayud\/wp-json\/wp\/v2\/media?parent=3729"}],"wp:term":[{"taxonomy":"category","embeddable":true,"href":"https:\/\/www.granadablogs.com\/juezcalatayud\/wp-json\/wp\/v2\/categories?post=3729"},{"taxonomy":"post_tag","embeddable":true,"href":"https:\/\/www.granadablogs.com\/juezcalatayud\/wp-json\/wp\/v2\/tags?post=3729"}],"curies":[{"name":"wp","href":"https:\/\/api.w.org\/{rel}","templated":true}]}}