{"id":3724,"date":"2015-04-09T21:54:45","date_gmt":"2015-04-09T19:54:45","guid":{"rendered":"http:\/\/www.granadablogs.com\/juezcalatayud\/?p=3724"},"modified":"2015-04-09T21:54:45","modified_gmt":"2015-04-09T19:54:45","slug":"parece-que-vuelve-la-vacuna-de-la-varicela-y-la-pregunta-es-por-que-se-quito","status":"publish","type":"post","link":"https:\/\/www.granadablogs.com\/juezcalatayud\/2015\/04\/parece-que-vuelve-la-vacuna-de-la-varicela-y-la-pregunta-es-por-que-se-quito\/","title":{"rendered":"Parece que vuelve la vacuna de la varicela y la pregunta es: \u00bfPor qu\u00e9 se quit\u00f3?"},"content":{"rendered":"<p>Buenas, soy Emilio Calatayud. Escucho en la radio del coche que parece que los ni\u00f1os espa\u00f1oles van a tener que volverse a poner la vacuna de la varicela. La pregunta es: \u00bfPor qu\u00e9 se quit\u00f3? Porque si ahora vuelve es porque era buena. Y si era buena, \u00bfpor qu\u00e9 se quit\u00f3? \u00bfQuiz\u00e1 para ahorrar? \u00bfPero debemos ahorrar en salud? \u00bfY por qu\u00e9 quieren volver a ponerla? \u00bfQuiz\u00e1 porque hay elecciones y ya no hay que ahorrar?<\/p>\n<p>Un poquito de por favor y sentido com\u00fan, hombre.<\/p>\n<p>Por cierto, me acuerdo ahora de las vacunas que nos pon\u00edan cuando \u00e9ramos ni\u00f1os y luego en la &#8216;mili&#8217;: un pinchazo era para todo la vida, porque te dejaban un cr\u00e1ter en la piel que era imposible de borrar. Eso s\u00ed, te curaban de &#8216;to&#8217;.<\/p>\n<p>&nbsp;<\/p>\n","protected":false},"excerpt":{"rendered":"<p>Buenas, soy Emilio Calatayud. Escucho en la radio del coche que parece que los ni\u00f1os espa\u00f1oles van a tener que volverse a poner la vacuna de la varicela. La pregunta es: \u00bfPor qu\u00e9 se quit\u00f3? Porque si ahora vuelve es porque era buena. Y si era buena, \u00bfpor qu\u00e9 se quit\u00f3? \u00bfQuiz\u00e1 para ahorrar? \u00bfPero [&hellip;]<\/p>\n","protected":false},"author":2,"featured_media":0,"comment_status":"open","ping_status":"open","sticky":false,"template":"","format":"standard","meta":{"jetpack_post_was_ever_published":false,"_jetpack_newsletter_access":"","_jetpack_dont_email_post_to_subs":false,"_jetpack_newsletter_tier_id":0,"_jetpack_memberships_contains_paywalled_content":false,"_jetpack_memberships_contains_paid_content":false,"footnotes":""},"categories":[1],"tags":[1073,1074],"class_list":["post-3724","post","type-post","status-publish","format-standard","hentry","category-blog","tag-vacuna","tag-varicela"],"jetpack_featured_media_url":"","jetpack_shortlink":"https:\/\/wp.me\/p5fzW5-Y4","jetpack-related-posts":[],"jetpack_sharing_enabled":true,"_links":{"self":[{"href":"https:\/\/www.granadablogs.com\/juezcalatayud\/wp-json\/wp\/v2\/posts\/3724","targetHints":{"allow":["GET"]}}],"collection":[{"href":"https:\/\/www.granadablogs.com\/juezcalatayud\/wp-json\/wp\/v2\/posts"}],"about":[{"href":"https:\/\/www.granadablogs.com\/juezcalatayud\/wp-json\/wp\/v2\/types\/post"}],"author":[{"embeddable":true,"href":"https:\/\/www.granadablogs.com\/juezcalatayud\/wp-json\/wp\/v2\/users\/2"}],"replies":[{"embeddable":true,"href":"https:\/\/www.granadablogs.com\/juezcalatayud\/wp-json\/wp\/v2\/comments?post=3724"}],"version-history":[{"count":1,"href":"https:\/\/www.granadablogs.com\/juezcalatayud\/wp-json\/wp\/v2\/posts\/3724\/revisions"}],"predecessor-version":[{"id":3725,"href":"https:\/\/www.granadablogs.com\/juezcalatayud\/wp-json\/wp\/v2\/posts\/3724\/revisions\/3725"}],"wp:attachment":[{"href":"https:\/\/www.granadablogs.com\/juezcalatayud\/wp-json\/wp\/v2\/media?parent=3724"}],"wp:term":[{"taxonomy":"category","embeddable":true,"href":"https:\/\/www.granadablogs.com\/juezcalatayud\/wp-json\/wp\/v2\/categories?post=3724"},{"taxonomy":"post_tag","embeddable":true,"href":"https:\/\/www.granadablogs.com\/juezcalatayud\/wp-json\/wp\/v2\/tags?post=3724"}],"curies":[{"name":"wp","href":"https:\/\/api.w.org\/{rel}","templated":true}]}}