{"id":3707,"date":"2015-04-01T22:24:56","date_gmt":"2015-04-01T20:24:56","guid":{"rendered":"http:\/\/www.granadablogs.com\/juezcalatayud\/?p=3707"},"modified":"2015-04-01T22:26:52","modified_gmt":"2015-04-01T20:26:52","slug":"me-robo-un-menor-pero-quiero-donar-la-indemnizacion-que-me-correspondia-para-reinsertar-a-los-menores-que-delinquen","status":"publish","type":"post","link":"https:\/\/www.granadablogs.com\/juezcalatayud\/2015\/04\/me-robo-un-menor-pero-quiero-donar-la-indemnizacion-que-me-correspondia-para-reinsertar-a-los-menores-que-delinquen\/","title":{"rendered":"\u00abMe rob\u00f3 un menor, pero quiero donar la indemnizaci\u00f3n que me correspond\u00eda para reinsertar a los menores que delinquen\u00bb"},"content":{"rendered":"<p>Buenas, soy Emilio Calatayud. El t\u00edtulo de este comentario no es una invenci\u00f3n. A veces, hay gente que llama al juzgado para decir que quiere donar para la reinserci\u00f3n\u00a0de menores infractores el dinero que le correspond\u00eda por ser v\u00edctima de un delito cometido por un menor. Hace unos d\u00edas nos ha pasado. Un persona que fue v\u00edctima de un robo violento cometido por dos chavales quer\u00eda dar\u00a0la indemnizaci\u00f3n para rehabilitar a chicos que cometen este tipo de actos. Ya digo: no es la primera vez que ocurre. En otra ocasi\u00f3n, una mujer extranjera que tambi\u00e9n sufri\u00f3 un robo quiso financiar la formaci\u00f3n del ladr\u00f3n, que era menor de edad. Y lo arreglamos para que as\u00ed fuera.<\/p>\n<p>Los jueces y los fiscales de Menores nos esforzamos para que cale en la sociedad el mensaje de que los menores infractores merecen una segunda oportunidad&#8230; y parece que la sociedad tambi\u00e9n lo est\u00e1 entendiendo as\u00ed. Es una satisfacci\u00f3n.<\/p>\n","protected":false},"excerpt":{"rendered":"<p>Buenas, soy Emilio Calatayud. El t\u00edtulo de este comentario no es una invenci\u00f3n. A veces, hay gente que llama al juzgado para decir que quiere donar para la reinserci\u00f3n\u00a0de menores infractores el dinero que le correspond\u00eda por ser v\u00edctima de un delito cometido por un menor. Hace unos d\u00edas nos ha pasado. Un persona que [&hellip;]<\/p>\n","protected":false},"author":2,"featured_media":0,"comment_status":"open","ping_status":"open","sticky":false,"template":"","format":"standard","meta":{"jetpack_post_was_ever_published":false,"_jetpack_newsletter_access":"","_jetpack_dont_email_post_to_subs":false,"_jetpack_newsletter_tier_id":0,"_jetpack_memberships_contains_paywalled_content":false,"_jetpack_memberships_contains_paid_content":false,"footnotes":""},"categories":[1],"tags":[95,1068],"class_list":["post-3707","post","type-post","status-publish","format-standard","hentry","category-blog","tag-indemnizacion","tag-victima"],"jetpack_featured_media_url":"","jetpack_shortlink":"https:\/\/wp.me\/p5fzW5-XN","jetpack-related-posts":[],"jetpack_sharing_enabled":true,"_links":{"self":[{"href":"https:\/\/www.granadablogs.com\/juezcalatayud\/wp-json\/wp\/v2\/posts\/3707","targetHints":{"allow":["GET"]}}],"collection":[{"href":"https:\/\/www.granadablogs.com\/juezcalatayud\/wp-json\/wp\/v2\/posts"}],"about":[{"href":"https:\/\/www.granadablogs.com\/juezcalatayud\/wp-json\/wp\/v2\/types\/post"}],"author":[{"embeddable":true,"href":"https:\/\/www.granadablogs.com\/juezcalatayud\/wp-json\/wp\/v2\/users\/2"}],"replies":[{"embeddable":true,"href":"https:\/\/www.granadablogs.com\/juezcalatayud\/wp-json\/wp\/v2\/comments?post=3707"}],"version-history":[{"count":3,"href":"https:\/\/www.granadablogs.com\/juezcalatayud\/wp-json\/wp\/v2\/posts\/3707\/revisions"}],"predecessor-version":[{"id":3710,"href":"https:\/\/www.granadablogs.com\/juezcalatayud\/wp-json\/wp\/v2\/posts\/3707\/revisions\/3710"}],"wp:attachment":[{"href":"https:\/\/www.granadablogs.com\/juezcalatayud\/wp-json\/wp\/v2\/media?parent=3707"}],"wp:term":[{"taxonomy":"category","embeddable":true,"href":"https:\/\/www.granadablogs.com\/juezcalatayud\/wp-json\/wp\/v2\/categories?post=3707"},{"taxonomy":"post_tag","embeddable":true,"href":"https:\/\/www.granadablogs.com\/juezcalatayud\/wp-json\/wp\/v2\/tags?post=3707"}],"curies":[{"name":"wp","href":"https:\/\/api.w.org\/{rel}","templated":true}]}}