{"id":3681,"date":"2015-03-18T21:09:57","date_gmt":"2015-03-18T19:09:57","guid":{"rendered":"http:\/\/www.granadablogs.com\/juezcalatayud\/?p=3681"},"modified":"2015-03-18T21:09:57","modified_gmt":"2015-03-18T19:09:57","slug":"el-chaval-que-defendio-a-un-nino-discapacitado-de-un-maton","status":"publish","type":"post","link":"https:\/\/www.granadablogs.com\/juezcalatayud\/2015\/03\/el-chaval-que-defendio-a-un-nino-discapacitado-de-un-maton\/","title":{"rendered":"El chaval que defendi\u00f3 a un ni\u00f1o discapacitado de un mat\u00f3n"},"content":{"rendered":"<p>Buenas, soy Emilio Calatayud y el t\u00edtulo de este comentario no se debe a que me haya dado un ataque de optimismo, es que es verdad. Solo una parte muy peque\u00f1a de nuestros chavales delinquen y el 80% de los pocos que delinquen, siempre lo digo, no son delincuentes. Con sus m\u00e1s y sus menos, nuestros hijos son buena gente. Yo lo veo a diario. Y tambi\u00e9n hay que contarlo. Hace poco conoc\u00ed a un muchacho que se llev\u00f3 una paliza por salir en defensa de un ni\u00f1o discapacitado al que un mat\u00f3n estaba incordiando. Luego condenamos al mat\u00f3n, que tambi\u00e9n era menor. Y espero que cuando acabe de cumplir la medida que le hemos impuesto tambi\u00e9n aprenda la lecci\u00f3n. A fin de cuentas,\u00a0ese es el objetivo de los que trabajamos con los menores: darles una oportunidad o dos&#8230;<\/p>\n","protected":false},"excerpt":{"rendered":"<p>Buenas, soy Emilio Calatayud y el t\u00edtulo de este comentario no se debe a que me haya dado un ataque de optimismo, es que es verdad. Solo una parte muy peque\u00f1a de nuestros chavales delinquen y el 80% de los pocos que delinquen, siempre lo digo, no son delincuentes. Con sus m\u00e1s y sus menos, [&hellip;]<\/p>\n","protected":false},"author":2,"featured_media":0,"comment_status":"open","ping_status":"open","sticky":false,"template":"","format":"standard","meta":{"jetpack_post_was_ever_published":false,"_jetpack_newsletter_access":"","_jetpack_dont_email_post_to_subs":false,"_jetpack_newsletter_tier_id":0,"_jetpack_memberships_contains_paywalled_content":false,"_jetpack_memberships_contains_paid_content":false,"footnotes":""},"categories":[1],"tags":[825,1062],"class_list":["post-3681","post","type-post","status-publish","format-standard","hentry","category-blog","tag-discapacitado","tag-maton"],"jetpack_featured_media_url":"","jetpack_shortlink":"https:\/\/wp.me\/p5fzW5-Xn","jetpack-related-posts":[],"jetpack_sharing_enabled":true,"_links":{"self":[{"href":"https:\/\/www.granadablogs.com\/juezcalatayud\/wp-json\/wp\/v2\/posts\/3681","targetHints":{"allow":["GET"]}}],"collection":[{"href":"https:\/\/www.granadablogs.com\/juezcalatayud\/wp-json\/wp\/v2\/posts"}],"about":[{"href":"https:\/\/www.granadablogs.com\/juezcalatayud\/wp-json\/wp\/v2\/types\/post"}],"author":[{"embeddable":true,"href":"https:\/\/www.granadablogs.com\/juezcalatayud\/wp-json\/wp\/v2\/users\/2"}],"replies":[{"embeddable":true,"href":"https:\/\/www.granadablogs.com\/juezcalatayud\/wp-json\/wp\/v2\/comments?post=3681"}],"version-history":[{"count":1,"href":"https:\/\/www.granadablogs.com\/juezcalatayud\/wp-json\/wp\/v2\/posts\/3681\/revisions"}],"predecessor-version":[{"id":3682,"href":"https:\/\/www.granadablogs.com\/juezcalatayud\/wp-json\/wp\/v2\/posts\/3681\/revisions\/3682"}],"wp:attachment":[{"href":"https:\/\/www.granadablogs.com\/juezcalatayud\/wp-json\/wp\/v2\/media?parent=3681"}],"wp:term":[{"taxonomy":"category","embeddable":true,"href":"https:\/\/www.granadablogs.com\/juezcalatayud\/wp-json\/wp\/v2\/categories?post=3681"},{"taxonomy":"post_tag","embeddable":true,"href":"https:\/\/www.granadablogs.com\/juezcalatayud\/wp-json\/wp\/v2\/tags?post=3681"}],"curies":[{"name":"wp","href":"https:\/\/api.w.org\/{rel}","templated":true}]}}