{"id":3677,"date":"2015-03-17T00:11:53","date_gmt":"2015-03-16T22:11:53","guid":{"rendered":"http:\/\/www.granadablogs.com\/juezcalatayud\/?p=3677"},"modified":"2015-03-17T00:11:53","modified_gmt":"2015-03-16T22:11:53","slug":"un-menor-puede-regenerarse-incluso-con-un-asesinato-a-sus-espaldas","status":"publish","type":"post","link":"https:\/\/www.granadablogs.com\/juezcalatayud\/2015\/03\/un-menor-puede-regenerarse-incluso-con-un-asesinato-a-sus-espaldas\/","title":{"rendered":"\u201cUn menor puede regenerarse, incluso con un asesinato a sus espaldas\u201d"},"content":{"rendered":"<p>Aqu\u00ed os dejamos un fragmento de la interesante entrevista que <strong>el periodista Alfonso Basallo<\/strong> hizo recientemente a don Emilio. Esperemos que os interese. Para los quieran leerla completa aqu\u00ed \u00a0va la direcci\u00f3n.<\/p>\n<p>https:\/\/neupic.com\/articles\/emilio-calatayud-un-menor-puede-regenerarse-incluso-con-un-asesinato-a-sus-espaldas<\/p>\n<p><strong>Vd. ha juzgado a casi una treintena de chicos por asesinato \u00bfPuede regenerarse un menor con algo as\u00ed sobre la espalda? <\/strong><\/p>\n<p>S\u00ed, hay medios. Es posible la rehabilitaci\u00f3n y la reinserci\u00f3n. Porque en muchos casos lo cometieron en situaciones dram\u00e1ticas, muy complicadas. Estoy pensando en un joven casado que se tom\u00f3 la justicia por su mano. Su suegro llevaba a\u00f1os violando a su mujer, desde que esta era ni\u00f1a, y un d\u00eda el joven se cans\u00f3 y mat\u00f3 a su suegro a tiros. El mismo reconoci\u00f3 el crimen. O el caso de otro chaval que mat\u00f3 a su padre porque este daba palizas a la madre cuando llegaba borracho y le amenazaba al chico: \u201cun d\u00eda te mato a ti\u201d. El chico temi\u00f3 de veras que eso ocurriera y un d\u00eda dispar\u00f3 contra su padre. Pero hoy lleva una vida normal.<\/p>\n<p><strong>Les sermonea usted\u2026 <\/strong><\/p>\n<p>Muchos escuchan y aceptan lo que se les dice, otros lloran. Siempre hay alg\u00fan recalcitrante, pero son pocos.<\/p>\n<p><strong>\u00bfAlguno de sus rehabilitados se ha hecho luego juez\u2026?<\/strong><\/p>\n<p>Que yo sepa no. Pero tengo varios licenciados, ingenieros inform\u00e1ticos, con sus trabajos y sus carreras, gente perfectamente normal.<\/p>\n<p><strong>\u00bfLe han dado las gracias?<\/strong><\/p>\n<p>Y me han invitado a bodas, bodas de sus hijos etc. Pasan los a\u00f1os y muchos vienen y te lo agradecen.<\/p>\n","protected":false},"excerpt":{"rendered":"<p>Aqu\u00ed os dejamos un fragmento de la interesante entrevista que el periodista Alfonso Basallo hizo recientemente a don Emilio. Esperemos que os interese. Para los quieran leerla completa aqu\u00ed \u00a0va la direcci\u00f3n. https:\/\/neupic.com\/articles\/emilio-calatayud-un-menor-puede-regenerarse-incluso-con-un-asesinato-a-sus-espaldas Vd. ha juzgado a casi una treintena de chicos por asesinato \u00bfPuede regenerarse un menor con algo as\u00ed sobre la espalda? S\u00ed, [&hellip;]<\/p>\n","protected":false},"author":3,"featured_media":0,"comment_status":"open","ping_status":"open","sticky":false,"template":"","format":"standard","meta":{"jetpack_post_was_ever_published":false,"_jetpack_newsletter_access":"","_jetpack_dont_email_post_to_subs":false,"_jetpack_newsletter_tier_id":0,"_jetpack_memberships_contains_paywalled_content":false,"_jetpack_memberships_contains_paid_content":false,"footnotes":""},"categories":[1],"tags":[],"class_list":["post-3677","post","type-post","status-publish","format-standard","hentry","category-blog"],"jetpack_featured_media_url":"","jetpack_shortlink":"https:\/\/wp.me\/p5fzW5-Xj","jetpack-related-posts":[],"jetpack_sharing_enabled":true,"_links":{"self":[{"href":"https:\/\/www.granadablogs.com\/juezcalatayud\/wp-json\/wp\/v2\/posts\/3677","targetHints":{"allow":["GET"]}}],"collection":[{"href":"https:\/\/www.granadablogs.com\/juezcalatayud\/wp-json\/wp\/v2\/posts"}],"about":[{"href":"https:\/\/www.granadablogs.com\/juezcalatayud\/wp-json\/wp\/v2\/types\/post"}],"author":[{"embeddable":true,"href":"https:\/\/www.granadablogs.com\/juezcalatayud\/wp-json\/wp\/v2\/users\/3"}],"replies":[{"embeddable":true,"href":"https:\/\/www.granadablogs.com\/juezcalatayud\/wp-json\/wp\/v2\/comments?post=3677"}],"version-history":[{"count":2,"href":"https:\/\/www.granadablogs.com\/juezcalatayud\/wp-json\/wp\/v2\/posts\/3677\/revisions"}],"predecessor-version":[{"id":3679,"href":"https:\/\/www.granadablogs.com\/juezcalatayud\/wp-json\/wp\/v2\/posts\/3677\/revisions\/3679"}],"wp:attachment":[{"href":"https:\/\/www.granadablogs.com\/juezcalatayud\/wp-json\/wp\/v2\/media?parent=3677"}],"wp:term":[{"taxonomy":"category","embeddable":true,"href":"https:\/\/www.granadablogs.com\/juezcalatayud\/wp-json\/wp\/v2\/categories?post=3677"},{"taxonomy":"post_tag","embeddable":true,"href":"https:\/\/www.granadablogs.com\/juezcalatayud\/wp-json\/wp\/v2\/tags?post=3677"}],"curies":[{"name":"wp","href":"https:\/\/api.w.org\/{rel}","templated":true}]}}