{"id":3674,"date":"2015-03-13T19:47:03","date_gmt":"2015-03-13T17:47:03","guid":{"rendered":"http:\/\/www.granadablogs.com\/juezcalatayud\/?p=3674"},"modified":"2015-03-13T19:47:03","modified_gmt":"2015-03-13T17:47:03","slug":"marilo-montero-me-ha-pedido-disculpas-por-jubilarme-como-juez-de-menores","status":"publish","type":"post","link":"https:\/\/www.granadablogs.com\/juezcalatayud\/2015\/03\/marilo-montero-me-ha-pedido-disculpas-por-jubilarme-como-juez-de-menores\/","title":{"rendered":"Maril\u00f3 Montero me ha pedido disculpas por &#8216;jubilarme&#8217; como juez de Menores"},"content":{"rendered":"<p>Buenas, soy Emilio Calatayud. El otro d\u00eda cont\u00e9 aqu\u00ed en el blog que Maril\u00f3 Montero me present\u00f3 en su programa de TVE como exjuez de Menores. Bueno, pues ahora me ha pedido disculpas por ese error y, como es natural, yo se las acepto sin ning\u00fan problema. Soy juez -sigo siendo juez, ja, ja, ja- y \u00a0tengo que ser justo con ella:\u00a0se equivoc\u00f3, ha pedido disculpas y no pasa nada. Dicho queda para que conste.<\/p>\n","protected":false},"excerpt":{"rendered":"<p>Buenas, soy Emilio Calatayud. El otro d\u00eda cont\u00e9 aqu\u00ed en el blog que Maril\u00f3 Montero me present\u00f3 en su programa de TVE como exjuez de Menores. Bueno, pues ahora me ha pedido disculpas por ese error y, como es natural, yo se las acepto sin ning\u00fan problema. Soy juez -sigo siendo juez, ja, ja, ja- [&hellip;]<\/p>\n","protected":false},"author":2,"featured_media":0,"comment_status":"open","ping_status":"open","sticky":false,"template":"","format":"standard","meta":{"jetpack_post_was_ever_published":false,"_jetpack_newsletter_access":"","_jetpack_dont_email_post_to_subs":false,"_jetpack_newsletter_tier_id":0,"_jetpack_memberships_contains_paywalled_content":false,"_jetpack_memberships_contains_paid_content":false,"footnotes":""},"categories":[1],"tags":[1061,1059],"class_list":["post-3674","post","type-post","status-publish","format-standard","hentry","category-blog","tag-exjuez","tag-marilo-montero"],"jetpack_featured_media_url":"","jetpack_shortlink":"https:\/\/wp.me\/p5fzW5-Xg","jetpack-related-posts":[],"jetpack_sharing_enabled":true,"_links":{"self":[{"href":"https:\/\/www.granadablogs.com\/juezcalatayud\/wp-json\/wp\/v2\/posts\/3674","targetHints":{"allow":["GET"]}}],"collection":[{"href":"https:\/\/www.granadablogs.com\/juezcalatayud\/wp-json\/wp\/v2\/posts"}],"about":[{"href":"https:\/\/www.granadablogs.com\/juezcalatayud\/wp-json\/wp\/v2\/types\/post"}],"author":[{"embeddable":true,"href":"https:\/\/www.granadablogs.com\/juezcalatayud\/wp-json\/wp\/v2\/users\/2"}],"replies":[{"embeddable":true,"href":"https:\/\/www.granadablogs.com\/juezcalatayud\/wp-json\/wp\/v2\/comments?post=3674"}],"version-history":[{"count":1,"href":"https:\/\/www.granadablogs.com\/juezcalatayud\/wp-json\/wp\/v2\/posts\/3674\/revisions"}],"predecessor-version":[{"id":3675,"href":"https:\/\/www.granadablogs.com\/juezcalatayud\/wp-json\/wp\/v2\/posts\/3674\/revisions\/3675"}],"wp:attachment":[{"href":"https:\/\/www.granadablogs.com\/juezcalatayud\/wp-json\/wp\/v2\/media?parent=3674"}],"wp:term":[{"taxonomy":"category","embeddable":true,"href":"https:\/\/www.granadablogs.com\/juezcalatayud\/wp-json\/wp\/v2\/categories?post=3674"},{"taxonomy":"post_tag","embeddable":true,"href":"https:\/\/www.granadablogs.com\/juezcalatayud\/wp-json\/wp\/v2\/tags?post=3674"}],"curies":[{"name":"wp","href":"https:\/\/api.w.org\/{rel}","templated":true}]}}