{"id":3670,"date":"2015-03-11T16:10:11","date_gmt":"2015-03-11T14:10:11","guid":{"rendered":"http:\/\/www.granadablogs.com\/juezcalatayud\/?p=3670"},"modified":"2015-03-11T16:10:11","modified_gmt":"2015-03-11T14:10:11","slug":"aunque-marilo-montero-me-haya-jubilado-sigo-siendo-juez-de-menores","status":"publish","type":"post","link":"https:\/\/www.granadablogs.com\/juezcalatayud\/2015\/03\/aunque-marilo-montero-me-haya-jubilado-sigo-siendo-juez-de-menores\/","title":{"rendered":"Aunque Maril\u00f3 Montero me haya jubilado, sigo siendo juez de Menores"},"content":{"rendered":"<p>Buenas, soy Emilio Calatayud. Me avisan algunos amigos, porque yo no me hab\u00eda enterado, la verdad, de que la presentadora de televisi\u00f3n Maril\u00f3 Montero se refiri\u00f3 a m\u00ed -parece que fue en su programa La Ma\u00f1ana \u00a0de TVE del 9 de marzo- como &#8216;exjuez de Menores&#8217;. Al final he encontrado el v\u00eddeo y es verdad que Maril\u00f3 dice que soy &#8216;exjuez de Menores&#8217;&#8230; Lo dice dos veces. Pues siento tener que desmentir esa noticia: no me he jubilado&#8230; por ahora, ja, ja, ja. Sigo siendo juez de Menores en Granada, llevo en concreto el juzgado n\u00famero 1, porque en Granada hay dos. Ya est\u00e1.<\/p>\n<p>Aqu\u00ed os dejo la direcci\u00f3n del v\u00eddeo por si alguno tiene inter\u00e9s en verlo.<\/p>\n<p>http:\/\/www.rtve.es\/alacarta\/videos\/la-manana\/tecnologia-educacion\/3034018\/<\/p>\n","protected":false},"excerpt":{"rendered":"<p>Buenas, soy Emilio Calatayud. Me avisan algunos amigos, porque yo no me hab\u00eda enterado, la verdad, de que la presentadora de televisi\u00f3n Maril\u00f3 Montero se refiri\u00f3 a m\u00ed -parece que fue en su programa La Ma\u00f1ana \u00a0de TVE del 9 de marzo- como &#8216;exjuez de Menores&#8217;. Al final he encontrado el v\u00eddeo y es verdad [&hellip;]<\/p>\n","protected":false},"author":2,"featured_media":0,"comment_status":"open","ping_status":"open","sticky":false,"template":"","format":"standard","meta":{"jetpack_post_was_ever_published":false,"_jetpack_newsletter_access":"","_jetpack_dont_email_post_to_subs":false,"_jetpack_newsletter_tier_id":0,"_jetpack_memberships_contains_paywalled_content":false,"_jetpack_memberships_contains_paid_content":false,"footnotes":""},"categories":[1],"tags":[1060,1059],"class_list":["post-3670","post","type-post","status-publish","format-standard","hentry","category-blog","tag-exjuez-de-menores","tag-marilo-montero"],"jetpack_featured_media_url":"","jetpack_shortlink":"https:\/\/wp.me\/p5fzW5-Xc","jetpack-related-posts":[],"jetpack_sharing_enabled":true,"_links":{"self":[{"href":"https:\/\/www.granadablogs.com\/juezcalatayud\/wp-json\/wp\/v2\/posts\/3670","targetHints":{"allow":["GET"]}}],"collection":[{"href":"https:\/\/www.granadablogs.com\/juezcalatayud\/wp-json\/wp\/v2\/posts"}],"about":[{"href":"https:\/\/www.granadablogs.com\/juezcalatayud\/wp-json\/wp\/v2\/types\/post"}],"author":[{"embeddable":true,"href":"https:\/\/www.granadablogs.com\/juezcalatayud\/wp-json\/wp\/v2\/users\/2"}],"replies":[{"embeddable":true,"href":"https:\/\/www.granadablogs.com\/juezcalatayud\/wp-json\/wp\/v2\/comments?post=3670"}],"version-history":[{"count":1,"href":"https:\/\/www.granadablogs.com\/juezcalatayud\/wp-json\/wp\/v2\/posts\/3670\/revisions"}],"predecessor-version":[{"id":3671,"href":"https:\/\/www.granadablogs.com\/juezcalatayud\/wp-json\/wp\/v2\/posts\/3670\/revisions\/3671"}],"wp:attachment":[{"href":"https:\/\/www.granadablogs.com\/juezcalatayud\/wp-json\/wp\/v2\/media?parent=3670"}],"wp:term":[{"taxonomy":"category","embeddable":true,"href":"https:\/\/www.granadablogs.com\/juezcalatayud\/wp-json\/wp\/v2\/categories?post=3670"},{"taxonomy":"post_tag","embeddable":true,"href":"https:\/\/www.granadablogs.com\/juezcalatayud\/wp-json\/wp\/v2\/tags?post=3670"}],"curies":[{"name":"wp","href":"https:\/\/api.w.org\/{rel}","templated":true}]}}