{"id":3645,"date":"2015-03-04T21:45:18","date_gmt":"2015-03-04T19:45:18","guid":{"rendered":"http:\/\/www.granadablogs.com\/juezcalatayud\/?p=3645"},"modified":"2015-03-04T21:45:18","modified_gmt":"2015-03-04T19:45:18","slug":"pedro-garcia-aguado-el-hermano-mayor-vuelve-a-granada","status":"publish","type":"post","link":"https:\/\/www.granadablogs.com\/juezcalatayud\/2015\/03\/pedro-garcia-aguado-el-hermano-mayor-vuelve-a-granada\/","title":{"rendered":"Pedro Garc\u00eda Aguado, el &#8216;Hermano mayor&#8217;, vuelve a Granada"},"content":{"rendered":"<p>La Fundaci\u00f3n Mahou San Miguel y la Fundaci\u00f3n &#8216;Lo que de verdad importa&#8217;, dedicada a promover y difundir valores universales en la sociedad, traen este fin de semana, el viernes 6 y s\u00e1bado 7 de marzo, a partir de las once la ma\u00f1ana, al Palacio de Congresos de Granada la segunda edici\u00f3n de Kliquers, un proyecto pionero dirigido a j\u00f3venes entre 13 y 16 a\u00f1os con el objetivo de complementar su formaci\u00f3n en valores.<br \/>\n\u00bfQu\u00e9 es la asertividad? \u00bfEl respeto? \u00bfY la empat\u00eda? Cerca de 4.000 estudiantes en cuatro ciudades espa\u00f1olas participar\u00e1n este a\u00f1o en las jornadas de Kliquers 6 y 7 de marzo en Granada, donde un equipo multidisciplinar realizar\u00e1 actividades que permitir\u00e1n a los j\u00f3venes reflexionar sobre distintos valores. A partir de diferentes situaciones relacionadas con las drogas, la violencia de g\u00e9nero o la discapacidad se busca la interacci\u00f3n entre los participantes. Durante las jornadas intervendr\u00e1 el campe\u00f3n del mundo de waterpolo y coach <b>Pedro Garc\u00eda Aguado,\u00a0<\/b>ponente de la Escuela de Padres de IDEAL?, que compartir\u00e1 su testimonio de superaci\u00f3n personal con los j\u00f3venes que se sumen al programa.<br \/>\nLa Fundaci\u00f3n &#8216;Lo que de verdad importa&#8217; (Fundaci\u00f3n LQDVI) es una organizaci\u00f3n sin \u00e1nimo de lucro cuyo fin es promover y difundir valores humanos universales como la superaci\u00f3n, la responsabilidad, el respeto, la solidaridad o la paz. Asimismo, tiene entre sus objetivos la prevenci\u00f3n en el \u00e1mbito del consumo de drogas, el absentismo escolar o situaciones de discapacidad.<br \/>\nPor su parte, la Fundaci\u00f3n Mahou San Miguel . Colabora, apoya y promueve proyectos que se desarrollan fundamentalmente en dos campos: favorecer la formaci\u00f3n, el empleo y el emprendimiento, y promover el deporte y la formaci\u00f3n en valores.<br \/>\nEstas actividades cuentan tambi\u00e9n con una plataforma formativa online, www.kliquers.org que refuerza lo aprendido en estas sesiones y lo complementa con numerosos contenidos audiovisuales y actividades que se pueden trabajar tanto en casa como en las aulas. La duraci\u00f3n total de cada actividad Kliquers es de aproximadamente dos horas. El viernes la jornada est\u00e1 planteada para colegios como una actividad escolar, se realizar\u00e1 en horario lectivo (el aforo ya est\u00e1 completo) y el s\u00e1bado la sesi\u00f3n con <b>Pedro Garc\u00eda Aguado, el televisivo &#8216;Hermano mayor&#8217;,<\/b>\u00a0es para padres y educadores. La inscripci\u00f3n gratuita se puede realizar en https:\/\/www.loquedeverdadimporta.org\/proyecto\/kliquers-org\/<\/p>\n","protected":false},"excerpt":{"rendered":"<p>La Fundaci\u00f3n Mahou San Miguel y la Fundaci\u00f3n &#8216;Lo que de verdad importa&#8217;, dedicada a promover y difundir valores universales en la sociedad, traen este fin de semana, el viernes 6 y s\u00e1bado 7 de marzo, a partir de las once la ma\u00f1ana, al Palacio de Congresos de Granada la segunda edici\u00f3n de Kliquers, un [&hellip;]<\/p>\n","protected":false},"author":3,"featured_media":0,"comment_status":"open","ping_status":"open","sticky":false,"template":"","format":"standard","meta":{"jetpack_post_was_ever_published":false,"_jetpack_newsletter_access":"","_jetpack_dont_email_post_to_subs":false,"_jetpack_newsletter_tier_id":0,"_jetpack_memberships_contains_paywalled_content":false,"_jetpack_memberships_contains_paid_content":false,"footnotes":""},"categories":[1],"tags":[15,532],"class_list":["post-3645","post","type-post","status-publish","format-standard","hentry","category-blog","tag-granada","tag-hermano-mayor"],"jetpack_featured_media_url":"","jetpack_shortlink":"https:\/\/wp.me\/p5fzW5-WN","jetpack-related-posts":[],"jetpack_sharing_enabled":true,"_links":{"self":[{"href":"https:\/\/www.granadablogs.com\/juezcalatayud\/wp-json\/wp\/v2\/posts\/3645","targetHints":{"allow":["GET"]}}],"collection":[{"href":"https:\/\/www.granadablogs.com\/juezcalatayud\/wp-json\/wp\/v2\/posts"}],"about":[{"href":"https:\/\/www.granadablogs.com\/juezcalatayud\/wp-json\/wp\/v2\/types\/post"}],"author":[{"embeddable":true,"href":"https:\/\/www.granadablogs.com\/juezcalatayud\/wp-json\/wp\/v2\/users\/3"}],"replies":[{"embeddable":true,"href":"https:\/\/www.granadablogs.com\/juezcalatayud\/wp-json\/wp\/v2\/comments?post=3645"}],"version-history":[{"count":1,"href":"https:\/\/www.granadablogs.com\/juezcalatayud\/wp-json\/wp\/v2\/posts\/3645\/revisions"}],"predecessor-version":[{"id":3646,"href":"https:\/\/www.granadablogs.com\/juezcalatayud\/wp-json\/wp\/v2\/posts\/3645\/revisions\/3646"}],"wp:attachment":[{"href":"https:\/\/www.granadablogs.com\/juezcalatayud\/wp-json\/wp\/v2\/media?parent=3645"}],"wp:term":[{"taxonomy":"category","embeddable":true,"href":"https:\/\/www.granadablogs.com\/juezcalatayud\/wp-json\/wp\/v2\/categories?post=3645"},{"taxonomy":"post_tag","embeddable":true,"href":"https:\/\/www.granadablogs.com\/juezcalatayud\/wp-json\/wp\/v2\/tags?post=3645"}],"curies":[{"name":"wp","href":"https:\/\/api.w.org\/{rel}","templated":true}]}}