{"id":3630,"date":"2015-02-27T22:16:00","date_gmt":"2015-02-27T20:16:00","guid":{"rendered":"http:\/\/www.granadablogs.com\/juezcalatayud\/?p=3630"},"modified":"2015-02-27T22:16:00","modified_gmt":"2015-02-27T20:16:00","slug":"pedir-perdon-2","status":"publish","type":"post","link":"https:\/\/www.granadablogs.com\/juezcalatayud\/2015\/02\/pedir-perdon-2\/","title":{"rendered":"Pedir perd\u00f3n"},"content":{"rendered":"<p>Buenas, soy Emilio Calatayud. Hace unos d\u00edas juzgamos a unos ni\u00f1os inmigrantes por robo. Hab\u00edan llegado a Espa\u00f1a en una patera. Estuvieron 17 horas en el mar. El caso es que, estando ya en Granada, perpetraron un robo y los detuvieron. Antes de que empezase el juicio, dijeron que quer\u00edan pedir perd\u00f3n a la v\u00edctima y esta quiso escucharlos. Les perdon\u00f3, pero tambi\u00e9n les ech\u00f3 en cara lo que hab\u00edan hecho. Lo cort\u00e9s no quita la valiente. Vino a decirles que era lamentable que, despu\u00e9s de todo lo que hab\u00edan pasado, lo estropeasen port\u00e1ndose tan mal con el pa\u00eds que los hab\u00eda acogido. Creo que ese di\u00e1logo fue bueno para todos, pero especialmente para los chavales.<\/p>\n<p>Eso s\u00ed, los encerramos&#8230;, Se lo merec\u00edan, pero me da que aprovechar\u00e1n la segunda oportunidad. Parece que van bien.<\/p>\n","protected":false},"excerpt":{"rendered":"<p>Buenas, soy Emilio Calatayud. Hace unos d\u00edas juzgamos a unos ni\u00f1os inmigrantes por robo. Hab\u00edan llegado a Espa\u00f1a en una patera. Estuvieron 17 horas en el mar. El caso es que, estando ya en Granada, perpetraron un robo y los detuvieron. Antes de que empezase el juicio, dijeron que quer\u00edan pedir perd\u00f3n a la v\u00edctima [&hellip;]<\/p>\n","protected":false},"author":2,"featured_media":0,"comment_status":"open","ping_status":"open","sticky":false,"template":"","format":"standard","meta":{"jetpack_post_was_ever_published":false,"_jetpack_newsletter_access":"","_jetpack_dont_email_post_to_subs":false,"_jetpack_newsletter_tier_id":0,"_jetpack_memberships_contains_paywalled_content":false,"_jetpack_memberships_contains_paid_content":false,"footnotes":""},"categories":[1],"tags":[660,661],"class_list":["post-3630","post","type-post","status-publish","format-standard","hentry","category-blog","tag-pedir","tag-perdon"],"jetpack_featured_media_url":"","jetpack_shortlink":"https:\/\/wp.me\/p5fzW5-Wy","jetpack-related-posts":[],"jetpack_sharing_enabled":true,"_links":{"self":[{"href":"https:\/\/www.granadablogs.com\/juezcalatayud\/wp-json\/wp\/v2\/posts\/3630","targetHints":{"allow":["GET"]}}],"collection":[{"href":"https:\/\/www.granadablogs.com\/juezcalatayud\/wp-json\/wp\/v2\/posts"}],"about":[{"href":"https:\/\/www.granadablogs.com\/juezcalatayud\/wp-json\/wp\/v2\/types\/post"}],"author":[{"embeddable":true,"href":"https:\/\/www.granadablogs.com\/juezcalatayud\/wp-json\/wp\/v2\/users\/2"}],"replies":[{"embeddable":true,"href":"https:\/\/www.granadablogs.com\/juezcalatayud\/wp-json\/wp\/v2\/comments?post=3630"}],"version-history":[{"count":1,"href":"https:\/\/www.granadablogs.com\/juezcalatayud\/wp-json\/wp\/v2\/posts\/3630\/revisions"}],"predecessor-version":[{"id":3631,"href":"https:\/\/www.granadablogs.com\/juezcalatayud\/wp-json\/wp\/v2\/posts\/3630\/revisions\/3631"}],"wp:attachment":[{"href":"https:\/\/www.granadablogs.com\/juezcalatayud\/wp-json\/wp\/v2\/media?parent=3630"}],"wp:term":[{"taxonomy":"category","embeddable":true,"href":"https:\/\/www.granadablogs.com\/juezcalatayud\/wp-json\/wp\/v2\/categories?post=3630"},{"taxonomy":"post_tag","embeddable":true,"href":"https:\/\/www.granadablogs.com\/juezcalatayud\/wp-json\/wp\/v2\/tags?post=3630"}],"curies":[{"name":"wp","href":"https:\/\/api.w.org\/{rel}","templated":true}]}}