{"id":3628,"date":"2015-02-26T22:56:37","date_gmt":"2015-02-26T20:56:37","guid":{"rendered":"http:\/\/www.granadablogs.com\/juezcalatayud\/?p=3628"},"modified":"2015-02-26T22:56:37","modified_gmt":"2015-02-26T20:56:37","slug":"el-estado-de-la-nacion-visto-desde-un-juzgado-de-menores","status":"publish","type":"post","link":"https:\/\/www.granadablogs.com\/juezcalatayud\/2015\/02\/el-estado-de-la-nacion-visto-desde-un-juzgado-de-menores\/","title":{"rendered":"El Estado de la Naci\u00f3n visto desde un juzgado de Menores"},"content":{"rendered":"<p>Buenas, soy Emilio Calatayud. El pasado martes, que es cuando en mi juzgado solemos celebrar los juicios, empez\u00f3 el debate sobre el Estado de la Naci\u00f3n que ha terminado hoy. Pues bien, ese martes juzgamos a cuatro o cinco ni\u00f1os por robo, a otros tres o cuatro por maltratar a sus padres y a una ni\u00f1a rumana explotada para robar y pedir limosna por las mafias de su pa\u00eds. Ese fue mi debate sobre el Estado de la Naci\u00f3n. Porque ese tambi\u00e9n es el Estado de la Naci\u00f3n. Otra cosa es que se hable de ello en las Cortes, que no se habla&#8230; As\u00ed es como se ve en el Estado de la Naci\u00f3n desde un juzgado de Menores.<\/p>\n","protected":false},"excerpt":{"rendered":"<p>Buenas, soy Emilio Calatayud. El pasado martes, que es cuando en mi juzgado solemos celebrar los juicios, empez\u00f3 el debate sobre el Estado de la Naci\u00f3n que ha terminado hoy. Pues bien, ese martes juzgamos a cuatro o cinco ni\u00f1os por robo, a otros tres o cuatro por maltratar a sus padres y a una [&hellip;]<\/p>\n","protected":false},"author":2,"featured_media":0,"comment_status":"open","ping_status":"open","sticky":false,"template":"","format":"standard","meta":{"jetpack_post_was_ever_published":false,"_jetpack_newsletter_access":"","_jetpack_dont_email_post_to_subs":false,"_jetpack_newsletter_tier_id":0,"_jetpack_memberships_contains_paywalled_content":false,"_jetpack_memberships_contains_paid_content":false,"footnotes":""},"categories":[1],"tags":[250,583,584],"class_list":["post-3628","post","type-post","status-publish","format-standard","hentry","category-blog","tag-debate","tag-estado","tag-nacion"],"jetpack_featured_media_url":"","jetpack_shortlink":"https:\/\/wp.me\/p5fzW5-Ww","jetpack-related-posts":[],"jetpack_sharing_enabled":true,"_links":{"self":[{"href":"https:\/\/www.granadablogs.com\/juezcalatayud\/wp-json\/wp\/v2\/posts\/3628","targetHints":{"allow":["GET"]}}],"collection":[{"href":"https:\/\/www.granadablogs.com\/juezcalatayud\/wp-json\/wp\/v2\/posts"}],"about":[{"href":"https:\/\/www.granadablogs.com\/juezcalatayud\/wp-json\/wp\/v2\/types\/post"}],"author":[{"embeddable":true,"href":"https:\/\/www.granadablogs.com\/juezcalatayud\/wp-json\/wp\/v2\/users\/2"}],"replies":[{"embeddable":true,"href":"https:\/\/www.granadablogs.com\/juezcalatayud\/wp-json\/wp\/v2\/comments?post=3628"}],"version-history":[{"count":1,"href":"https:\/\/www.granadablogs.com\/juezcalatayud\/wp-json\/wp\/v2\/posts\/3628\/revisions"}],"predecessor-version":[{"id":3629,"href":"https:\/\/www.granadablogs.com\/juezcalatayud\/wp-json\/wp\/v2\/posts\/3628\/revisions\/3629"}],"wp:attachment":[{"href":"https:\/\/www.granadablogs.com\/juezcalatayud\/wp-json\/wp\/v2\/media?parent=3628"}],"wp:term":[{"taxonomy":"category","embeddable":true,"href":"https:\/\/www.granadablogs.com\/juezcalatayud\/wp-json\/wp\/v2\/categories?post=3628"},{"taxonomy":"post_tag","embeddable":true,"href":"https:\/\/www.granadablogs.com\/juezcalatayud\/wp-json\/wp\/v2\/tags?post=3628"}],"curies":[{"name":"wp","href":"https:\/\/api.w.org\/{rel}","templated":true}]}}