{"id":3624,"date":"2015-02-24T22:41:43","date_gmt":"2015-02-24T20:41:43","guid":{"rendered":"http:\/\/www.granadablogs.com\/juezcalatayud\/?p=3624"},"modified":"2015-02-24T22:41:43","modified_gmt":"2015-02-24T20:41:43","slug":"mi-primera-charla","status":"publish","type":"post","link":"https:\/\/www.granadablogs.com\/juezcalatayud\/2015\/02\/mi-primera-charla\/","title":{"rendered":"Mi primera charla"},"content":{"rendered":"<p>Buenas, soy Emilio Calatayud. La primera vez que di una charla fue en la bella localidad alpujarre\u00f1a de Ug\u00edjar, que, aunque est\u00e1 muy lejos de Granada (a m\u00e1s de dos horas en coche, a pesar de estar en la misma provincia), merece ser visitada. Me fui con el equipo t\u00e9cnico del Juzgado -psic\u00f3logas, trabajadoras sociales- y hablamos para un grupo de chavales. Para ser la primera vez, la cosa sali\u00f3 bastante bien. Los chavales preguntaron mucho. Aquello fue el a\u00f1o 1988 o 1989. Todos quedamos bastantes contentos. La idea era dar a conocer a los menores la Ley del Menor, que muy pocos sab\u00edan que exist\u00eda. Era nuestra obligaci\u00f3n hacerlo.<\/p>\n<p>27 a\u00f1os despu\u00e9s, la mayor parte de lo que dijimos entonces sigue vigente. Han cambiado los delitos y las herramientas para delinquir, pero en lo esencial, la charla sigue siendo la misma.<\/p>\n","protected":false},"excerpt":{"rendered":"<p>Buenas, soy Emilio Calatayud. La primera vez que di una charla fue en la bella localidad alpujarre\u00f1a de Ug\u00edjar, que, aunque est\u00e1 muy lejos de Granada (a m\u00e1s de dos horas en coche, a pesar de estar en la misma provincia), merece ser visitada. Me fui con el equipo t\u00e9cnico del Juzgado -psic\u00f3logas, trabajadoras sociales- [&hellip;]<\/p>\n","protected":false},"author":2,"featured_media":0,"comment_status":"open","ping_status":"open","sticky":false,"template":"","format":"standard","meta":{"jetpack_post_was_ever_published":false,"_jetpack_newsletter_access":"","_jetpack_dont_email_post_to_subs":false,"_jetpack_newsletter_tier_id":0,"_jetpack_memberships_contains_paywalled_content":false,"_jetpack_memberships_contains_paid_content":false,"footnotes":""},"categories":[1],"tags":[50,1047,1048],"class_list":["post-3624","post","type-post","status-publish","format-standard","hentry","category-blog","tag-charla","tag-mi","tag-primera"],"jetpack_featured_media_url":"","jetpack_shortlink":"https:\/\/wp.me\/p5fzW5-Ws","jetpack-related-posts":[],"jetpack_sharing_enabled":true,"_links":{"self":[{"href":"https:\/\/www.granadablogs.com\/juezcalatayud\/wp-json\/wp\/v2\/posts\/3624","targetHints":{"allow":["GET"]}}],"collection":[{"href":"https:\/\/www.granadablogs.com\/juezcalatayud\/wp-json\/wp\/v2\/posts"}],"about":[{"href":"https:\/\/www.granadablogs.com\/juezcalatayud\/wp-json\/wp\/v2\/types\/post"}],"author":[{"embeddable":true,"href":"https:\/\/www.granadablogs.com\/juezcalatayud\/wp-json\/wp\/v2\/users\/2"}],"replies":[{"embeddable":true,"href":"https:\/\/www.granadablogs.com\/juezcalatayud\/wp-json\/wp\/v2\/comments?post=3624"}],"version-history":[{"count":2,"href":"https:\/\/www.granadablogs.com\/juezcalatayud\/wp-json\/wp\/v2\/posts\/3624\/revisions"}],"predecessor-version":[{"id":3626,"href":"https:\/\/www.granadablogs.com\/juezcalatayud\/wp-json\/wp\/v2\/posts\/3624\/revisions\/3626"}],"wp:attachment":[{"href":"https:\/\/www.granadablogs.com\/juezcalatayud\/wp-json\/wp\/v2\/media?parent=3624"}],"wp:term":[{"taxonomy":"category","embeddable":true,"href":"https:\/\/www.granadablogs.com\/juezcalatayud\/wp-json\/wp\/v2\/categories?post=3624"},{"taxonomy":"post_tag","embeddable":true,"href":"https:\/\/www.granadablogs.com\/juezcalatayud\/wp-json\/wp\/v2\/tags?post=3624"}],"curies":[{"name":"wp","href":"https:\/\/api.w.org\/{rel}","templated":true}]}}