{"id":362,"date":"2009-10-21T18:59:22","date_gmt":"2009-10-21T17:59:22","guid":{"rendered":"http:\/\/www.granadablogs.com\/juezcalatayud\/?p=362"},"modified":"2009-10-21T19:01:51","modified_gmt":"2009-10-21T18:01:51","slug":"videos-ofensivos-grabados-en-clase-%c2%bfcomo-actuar","status":"publish","type":"post","link":"https:\/\/www.granadablogs.com\/juezcalatayud\/2009\/10\/videos-ofensivos-grabados-en-clase-%c2%bfcomo-actuar\/","title":{"rendered":"V\u00eddeos ofensivos grabados en clase, \u00bfc\u00f3mo actuar?"},"content":{"rendered":"<p>Buenas, soy Emilio Calatayud. Lo primero es lo primero: Mi familia y yo os agradecemos, una vez m\u00e1s y no nos cansaremos de hacerlo, las muestras de cari\u00f1o y apoyo que estamos recibiendo por la enfermedad de Azucena.<\/p>\n<p>Lo segundo es\u00a0este interesante\u00a0comentario que nos ha enviado un paisano que da clases en Madrid. Dice as\u00ed:\u00a0 \u00abSoy profesor \u201cgranaino\u201d de un colegio de Madrid de ESO. Nos hemos encontrado el problema de que dos alumno de 1\u00ba de la ESO (13 a\u00f1os)han grabado y posteriormente difundido por internet(Youtube), videos de su clase (en los decansos, en medio de clase, videos ofendiendo a compa\u00f1eros y a profesores\u2026)\u00bb. Mi pregunta es: \u00bfC\u00f3mo debemos proceder?\u00bb.<\/p>\n<p>El tema es interesante porque plantea un problema del que ya hemos hablado en este blog: \u00bfQu\u00e9 hacemos con los menores de 14 a\u00f1os que cometen delitos, ya que son inimputables? -la Justicia no puede actuar contra ellos, porque la edad penal m\u00ednima en Espa\u00f1a es de 14 a\u00f1os-. Bueno, \u00bfqu\u00e9 es lo que yo har\u00eda en este caso? A pesar de todo, presentar\u00eda una denuncia en la Fiscalia de Menores. Se archivar\u00e1 porque no tienen edad para ser procesados, pero, al menos, en la Fiscal\u00eda les har\u00e1n una ficha y sabr\u00e1n de ellos, que nunca est\u00e1 mal. Y luego demandar\u00eda a los padres y exigir\u00eda una indemnizaci\u00f3n porque, presuntamente,\u00a0se habr\u00eda vulnerado mi derecho al honor y a la propia imagen. Si no se puede pedir responsabilidad a los ni\u00f1os, se les pide a los padres. Y econ\u00f3mica, porque siempre duele que te toquen el bolsillo.<\/p>\n<p>Un saludo. Y gracias<\/p>\n","protected":false},"excerpt":{"rendered":"<p>Buenas, soy Emilio Calatayud. Lo primero es lo primero: Mi familia y yo os agradecemos, una vez m\u00e1s y no nos cansaremos de hacerlo, las muestras de cari\u00f1o y apoyo que estamos recibiendo por la enfermedad de Azucena. Lo segundo es\u00a0este interesante\u00a0comentario que nos ha enviado un paisano que da clases en Madrid. Dice as\u00ed:\u00a0 [&hellip;]<\/p>\n","protected":false},"author":2,"featured_media":0,"comment_status":"open","ping_status":"open","sticky":false,"template":"","format":"standard","meta":{"jetpack_post_was_ever_published":false,"_jetpack_newsletter_access":"","_jetpack_dont_email_post_to_subs":false,"_jetpack_newsletter_tier_id":0,"_jetpack_memberships_contains_paywalled_content":false,"_jetpack_memberships_contains_paid_content":false,"footnotes":""},"categories":[1],"tags":[100,99],"class_list":["post-362","post","type-post","status-publish","format-standard","hentry","category-blog","tag-responsabilidad-civil","tag-youtube"],"jetpack_featured_media_url":"","jetpack_shortlink":"https:\/\/wp.me\/p5fzW5-5Q","jetpack-related-posts":[],"jetpack_sharing_enabled":true,"_links":{"self":[{"href":"https:\/\/www.granadablogs.com\/juezcalatayud\/wp-json\/wp\/v2\/posts\/362","targetHints":{"allow":["GET"]}}],"collection":[{"href":"https:\/\/www.granadablogs.com\/juezcalatayud\/wp-json\/wp\/v2\/posts"}],"about":[{"href":"https:\/\/www.granadablogs.com\/juezcalatayud\/wp-json\/wp\/v2\/types\/post"}],"author":[{"embeddable":true,"href":"https:\/\/www.granadablogs.com\/juezcalatayud\/wp-json\/wp\/v2\/users\/2"}],"replies":[{"embeddable":true,"href":"https:\/\/www.granadablogs.com\/juezcalatayud\/wp-json\/wp\/v2\/comments?post=362"}],"version-history":[{"count":2,"href":"https:\/\/www.granadablogs.com\/juezcalatayud\/wp-json\/wp\/v2\/posts\/362\/revisions"}],"predecessor-version":[{"id":364,"href":"https:\/\/www.granadablogs.com\/juezcalatayud\/wp-json\/wp\/v2\/posts\/362\/revisions\/364"}],"wp:attachment":[{"href":"https:\/\/www.granadablogs.com\/juezcalatayud\/wp-json\/wp\/v2\/media?parent=362"}],"wp:term":[{"taxonomy":"category","embeddable":true,"href":"https:\/\/www.granadablogs.com\/juezcalatayud\/wp-json\/wp\/v2\/categories?post=362"},{"taxonomy":"post_tag","embeddable":true,"href":"https:\/\/www.granadablogs.com\/juezcalatayud\/wp-json\/wp\/v2\/tags?post=362"}],"curies":[{"name":"wp","href":"https:\/\/api.w.org\/{rel}","templated":true}]}}