{"id":360,"date":"2009-10-17T16:10:04","date_gmt":"2009-10-17T15:10:04","guid":{"rendered":"http:\/\/www.granadablogs.com\/juezcalatayud\/?p=360"},"modified":"2009-10-17T16:10:04","modified_gmt":"2009-10-17T15:10:04","slug":"acoso-mas-alla-de-las-aulas","status":"publish","type":"post","link":"https:\/\/www.granadablogs.com\/juezcalatayud\/2009\/10\/acoso-mas-alla-de-las-aulas\/","title":{"rendered":"Acoso m\u00e1s all\u00e1 de las aulas"},"content":{"rendered":"<p>\u00daltimamente, estamos asistiendo a la consolidaci\u00f3n de un fen\u00f3meno inquietante: el de los alumnos que acosan a sus profesores m\u00e1s all\u00e1 de las aulas. Dentro del desastre que supone que un chaval la tome con sus maestro, parec\u00eda haber unas ciertas &#8216;normas&#8217;:\u00a0 el calvario se acababa cuando sonaba el timbre que anuncia la salida de las aulas. Pero ya hay casos en los que no es as\u00ed, como el que a continuaci\u00f3n os narro y que ya publiqu\u00e9 en mi peri\u00f3dico. Este caso demuestra tambi\u00e9n que no debemos enga\u00f1arnos: el acosador, como el que pega a una mujer, nunca se cansa. Cuanto antes se denuncie, mejor.<\/p>\n<p>Esta es la historia en cuesti\u00f3n: Juzgan a dos menores por acosar a un profesor durante todo un curso y acabar pate\u00e1ndolo.<\/p>\n<p>\u00abEl profesor aguant\u00f3 durante todo un curso las chanzas, vejaciones e insultos de los dos alumnos. Cada vez que se topaba con ellos en la calle, los chavales se mofaban de \u00e9l sin recato. \u2018Apedreaban\u2019 al docente con expresiones hirientes y se part\u00edan de risa.<br \/>\nAs\u00ed, durante todo un curso. Es lo que cont\u00f3 la v\u00edctima a las fuerzas de seguridad. El hombre se decidi\u00f3 a denunciar el calvario que estaba sufriendo cuando uno de los muchachos le pate\u00f3 la espalda, cuando el chico pas\u00f3 de las agresiones verbales a las f\u00edsicas. Hasta entonces, y seg\u00fan admiti\u00f3 el maestro ante los investigadores, pensaba que el asedio terminar\u00eda tarde o temprano, que los acosadores se cansar\u00edan. La agresi\u00f3n le asust\u00f3 y le convenci\u00f3 de que estaba equivocado.<br \/>\nLa Fiscal\u00eda de Menores acusa ahora al supuesto agresor de un delito de atentado y dos faltas: una de lesiones y otra de injurias. Si es condenado, permanecer\u00e1 bajo vigilancia judicial durante un a\u00f1o y seis meses. Para el otro muchacho, acusado de una falta, el Ministerio P\u00fablico reclama 50 horas de trabajo en beneficio de la comunidad.\u00bb<\/p>\n<p>Un saludo y gracias.<\/p>\n","protected":false},"excerpt":{"rendered":"<p>\u00daltimamente, estamos asistiendo a la consolidaci\u00f3n de un fen\u00f3meno inquietante: el de los alumnos que acosan a sus profesores m\u00e1s all\u00e1 de las aulas. Dentro del desastre que supone que un chaval la tome con sus maestro, parec\u00eda haber unas ciertas &#8216;normas&#8217;:\u00a0 el calvario se acababa cuando sonaba el timbre que anuncia la salida de [&hellip;]<\/p>\n","protected":false},"author":3,"featured_media":0,"comment_status":"open","ping_status":"open","sticky":false,"template":"","format":"standard","meta":{"jetpack_post_was_ever_published":false,"_jetpack_newsletter_access":"","_jetpack_dont_email_post_to_subs":false,"_jetpack_newsletter_tier_id":0,"_jetpack_memberships_contains_paywalled_content":false,"_jetpack_memberships_contains_paid_content":false,"footnotes":""},"categories":[1],"tags":[97,98],"class_list":["post-360","post","type-post","status-publish","format-standard","hentry","category-blog","tag-acoso","tag-profesores"],"jetpack_featured_media_url":"","jetpack_shortlink":"https:\/\/wp.me\/p5fzW5-5O","jetpack-related-posts":[],"jetpack_sharing_enabled":true,"_links":{"self":[{"href":"https:\/\/www.granadablogs.com\/juezcalatayud\/wp-json\/wp\/v2\/posts\/360","targetHints":{"allow":["GET"]}}],"collection":[{"href":"https:\/\/www.granadablogs.com\/juezcalatayud\/wp-json\/wp\/v2\/posts"}],"about":[{"href":"https:\/\/www.granadablogs.com\/juezcalatayud\/wp-json\/wp\/v2\/types\/post"}],"author":[{"embeddable":true,"href":"https:\/\/www.granadablogs.com\/juezcalatayud\/wp-json\/wp\/v2\/users\/3"}],"replies":[{"embeddable":true,"href":"https:\/\/www.granadablogs.com\/juezcalatayud\/wp-json\/wp\/v2\/comments?post=360"}],"version-history":[{"count":1,"href":"https:\/\/www.granadablogs.com\/juezcalatayud\/wp-json\/wp\/v2\/posts\/360\/revisions"}],"predecessor-version":[{"id":361,"href":"https:\/\/www.granadablogs.com\/juezcalatayud\/wp-json\/wp\/v2\/posts\/360\/revisions\/361"}],"wp:attachment":[{"href":"https:\/\/www.granadablogs.com\/juezcalatayud\/wp-json\/wp\/v2\/media?parent=360"}],"wp:term":[{"taxonomy":"category","embeddable":true,"href":"https:\/\/www.granadablogs.com\/juezcalatayud\/wp-json\/wp\/v2\/categories?post=360"},{"taxonomy":"post_tag","embeddable":true,"href":"https:\/\/www.granadablogs.com\/juezcalatayud\/wp-json\/wp\/v2\/tags?post=360"}],"curies":[{"name":"wp","href":"https:\/\/api.w.org\/{rel}","templated":true}]}}