{"id":355,"date":"2009-10-15T15:57:28","date_gmt":"2009-10-15T14:57:28","guid":{"rendered":"http:\/\/www.granadablogs.com\/juezcalatayud\/?p=355"},"modified":"2009-10-15T16:01:07","modified_gmt":"2009-10-15T15:01:07","slug":"%c2%bfcomo-se-comportan-los-padres-cuando-se-les-dice-que-su-hijo-es-un-delincuente","status":"publish","type":"post","link":"https:\/\/www.granadablogs.com\/juezcalatayud\/2009\/10\/%c2%bfcomo-se-comportan-los-padres-cuando-se-les-dice-que-su-hijo-es-un-delincuente\/","title":{"rendered":"\u00ab\u00bfC\u00f3mo se comportan los padres cuando se les dice que su hijo es un delincuente?\u00bb"},"content":{"rendered":"<p>Buenas, soy Emilio Calatayud. Con frecuencia, me hacen la pregunta que da t\u00edtulo a este comentario. Es normal que se haga. Todos podemos tener el temor -yo lo he tenido, ahora ya bastante menos: mis hijos han salido de la edad de riesgo- a que nos llamen una noche y nos digan que nuestro ni\u00f1o o nuestra ni\u00f1a est\u00e1n detenidos por haber cometido alg\u00fan delito.\u00a0 Los padres quieren \u00a0saber qu\u00e9 pasa cuando eso ocurre, \u00bfqu\u00e9 se siente?, \u00bfc\u00f3mo se reacciona? Por mi experiencia, lo primero que sucede es que los padres no se creen que su hijo haya cometido un delito. Piensan que puede ser un error y se ponen de parte de sus hijos, que, bueno, es una reacci\u00f3n hasta cierto punto natural. Al principio, hay negaci\u00f3n, por resumir.<\/p>\n<p>Luego, cuando ven las pruebas, cambian y sienten verg\u00fcenza, mucha verg\u00fcenza. La prueba puede ser, por ejemplo, una grabaci\u00f3n de m\u00f3vil en la que aparece el hijo del padre incr\u00e9dulo dando una paliza a otro ni\u00f1o, o a un mendigo, o a un maestro&#8230; Os garantizo que cuando los padres -como en todo, siempre hay excepciones- ven algo as\u00ed, quieren que la tierra se los trague. Hay verg\u00fcenza y tambi\u00e9n dolor&#8230; Hay familias a las que se les parte el coraz\u00f3n cuando ven a uno de los suyos cometiendo un delito. Pero yo creo que es necesario que lo vean. De hecho, ya lo hemos hecho.<\/p>\n<p>Y la fase final, es la del cabreo. Desde 2006, no me canso de repetirlo, juzgamos en el mismo acto al menor y a sus padres o tutores legales. Estos \u00faltimos no se sientan en el banquillo para responder penalmente, sino civilmente: es decir, para pagar las indemnizaciones que se acuerden a las v\u00edctimas. Los padres tienen que demostrar que han sido diligentes en la educaci\u00f3n de sus hijos, porque, sino, el desembolso que tendr\u00e1n que hacer ser\u00e1 mayor .<\/p>\n<p>Si los padres prueban que han puesto de su parte para educar a sus hijos lo mejor posible, o ha solicitado ayuda, o han ido a los servicios sociales&#8230; lo que sea, los tribunales de Menores lo tendr\u00e1n en cuenta y su responsabilidad, que s\u00f3lo es econ\u00f3mica a efectos legales, \u00a0ser\u00e1 menor. Y al contrario: si nunca se han preocupado de que fuera al cole, ni d\u00f3nde estaba o con quien andaba&#8230; la cantidad a pagar ser\u00e1 mayor. Y eso les suele cabrear bastante, porque hay indemnizaci\u00f3n que pueden llegar a los treinta o cuarenta millones de las antiguas pesetas. L\u00f3 s\u00e9 porque yo he puesto algunas de esa cuant\u00eda.<\/p>\n<p>Un saludo.<\/p>\n","protected":false},"excerpt":{"rendered":"<p>Buenas, soy Emilio Calatayud. Con frecuencia, me hacen la pregunta que da t\u00edtulo a este comentario. Es normal que se haga. Todos podemos tener el temor -yo lo he tenido, ahora ya bastante menos: mis hijos han salido de la edad de riesgo- a que nos llamen una noche y nos digan que nuestro ni\u00f1o [&hellip;]<\/p>\n","protected":false},"author":2,"featured_media":0,"comment_status":"open","ping_status":"open","sticky":false,"template":"","format":"standard","meta":{"jetpack_post_was_ever_published":false,"_jetpack_newsletter_access":"","_jetpack_dont_email_post_to_subs":false,"_jetpack_newsletter_tier_id":0,"_jetpack_memberships_contains_paywalled_content":false,"_jetpack_memberships_contains_paid_content":false,"footnotes":""},"categories":[1],"tags":[95,96],"class_list":["post-355","post","type-post","status-publish","format-standard","hentry","category-blog","tag-indemnizacion","tag-padres-diligentes"],"jetpack_featured_media_url":"","jetpack_shortlink":"https:\/\/wp.me\/p5fzW5-5J","jetpack-related-posts":[],"jetpack_sharing_enabled":true,"_links":{"self":[{"href":"https:\/\/www.granadablogs.com\/juezcalatayud\/wp-json\/wp\/v2\/posts\/355","targetHints":{"allow":["GET"]}}],"collection":[{"href":"https:\/\/www.granadablogs.com\/juezcalatayud\/wp-json\/wp\/v2\/posts"}],"about":[{"href":"https:\/\/www.granadablogs.com\/juezcalatayud\/wp-json\/wp\/v2\/types\/post"}],"author":[{"embeddable":true,"href":"https:\/\/www.granadablogs.com\/juezcalatayud\/wp-json\/wp\/v2\/users\/2"}],"replies":[{"embeddable":true,"href":"https:\/\/www.granadablogs.com\/juezcalatayud\/wp-json\/wp\/v2\/comments?post=355"}],"version-history":[{"count":4,"href":"https:\/\/www.granadablogs.com\/juezcalatayud\/wp-json\/wp\/v2\/posts\/355\/revisions"}],"predecessor-version":[{"id":358,"href":"https:\/\/www.granadablogs.com\/juezcalatayud\/wp-json\/wp\/v2\/posts\/355\/revisions\/358"}],"wp:attachment":[{"href":"https:\/\/www.granadablogs.com\/juezcalatayud\/wp-json\/wp\/v2\/media?parent=355"}],"wp:term":[{"taxonomy":"category","embeddable":true,"href":"https:\/\/www.granadablogs.com\/juezcalatayud\/wp-json\/wp\/v2\/categories?post=355"},{"taxonomy":"post_tag","embeddable":true,"href":"https:\/\/www.granadablogs.com\/juezcalatayud\/wp-json\/wp\/v2\/tags?post=355"}],"curies":[{"name":"wp","href":"https:\/\/api.w.org\/{rel}","templated":true}]}}