{"id":3511,"date":"2015-01-05T20:31:43","date_gmt":"2015-01-05T18:31:43","guid":{"rendered":"http:\/\/www.granadablogs.com\/juezcalatayud\/?p=3511"},"modified":"2015-01-05T20:31:43","modified_gmt":"2015-01-05T18:31:43","slug":"quien-pudiera-volver-a-ser-un-nino","status":"publish","type":"post","link":"https:\/\/www.granadablogs.com\/juezcalatayud\/2015\/01\/quien-pudiera-volver-a-ser-un-nino\/","title":{"rendered":"\u00a1Qui\u00e9n pudiera volver a ser un ni\u00f1o!"},"content":{"rendered":"<p>Buenas, soy Emilio Calatayud. Estamos en a\u00f1o electoral y de aqu\u00ed a las elecciones seguro que escuchamos muchas cosas raras, por no decir tonter\u00edas. De momento, me ha llegado que puede haber alg\u00fan partido que est\u00e9 en contra de los Reyes Magos. Yo no soy del PP, ni del PSOE, ni de IU, ni puedo&#8230; pero \u00a1viva Gaspar, Melchor y Baltasar! A ver qui\u00e9n es el moderno que se atreve a acabar con los Reyes Magos. \u00a1Qui\u00e9n pudiera volver a ser un ni\u00f1o!<\/p>\n","protected":false},"excerpt":{"rendered":"<p>Buenas, soy Emilio Calatayud. Estamos en a\u00f1o electoral y de aqu\u00ed a las elecciones seguro que escuchamos muchas cosas raras, por no decir tonter\u00edas. De momento, me ha llegado que puede haber alg\u00fan partido que est\u00e9 en contra de los Reyes Magos. Yo no soy del PP, ni del PSOE, ni de IU, ni puedo&#8230; [&hellip;]<\/p>\n","protected":false},"author":2,"featured_media":0,"comment_status":"open","ping_status":"open","sticky":false,"template":"","format":"standard","meta":{"jetpack_post_was_ever_published":false,"_jetpack_newsletter_access":"","_jetpack_dont_email_post_to_subs":false,"_jetpack_newsletter_tier_id":0,"_jetpack_memberships_contains_paywalled_content":false,"_jetpack_memberships_contains_paid_content":false,"footnotes":""},"categories":[1],"tags":[1010,258],"class_list":["post-3511","post","type-post","status-publish","format-standard","hentry","category-blog","tag-ano-electoral","tag-reyes-magos"],"jetpack_featured_media_url":"","jetpack_shortlink":"https:\/\/wp.me\/p5fzW5-UD","jetpack-related-posts":[],"jetpack_sharing_enabled":true,"_links":{"self":[{"href":"https:\/\/www.granadablogs.com\/juezcalatayud\/wp-json\/wp\/v2\/posts\/3511","targetHints":{"allow":["GET"]}}],"collection":[{"href":"https:\/\/www.granadablogs.com\/juezcalatayud\/wp-json\/wp\/v2\/posts"}],"about":[{"href":"https:\/\/www.granadablogs.com\/juezcalatayud\/wp-json\/wp\/v2\/types\/post"}],"author":[{"embeddable":true,"href":"https:\/\/www.granadablogs.com\/juezcalatayud\/wp-json\/wp\/v2\/users\/2"}],"replies":[{"embeddable":true,"href":"https:\/\/www.granadablogs.com\/juezcalatayud\/wp-json\/wp\/v2\/comments?post=3511"}],"version-history":[{"count":1,"href":"https:\/\/www.granadablogs.com\/juezcalatayud\/wp-json\/wp\/v2\/posts\/3511\/revisions"}],"predecessor-version":[{"id":3512,"href":"https:\/\/www.granadablogs.com\/juezcalatayud\/wp-json\/wp\/v2\/posts\/3511\/revisions\/3512"}],"wp:attachment":[{"href":"https:\/\/www.granadablogs.com\/juezcalatayud\/wp-json\/wp\/v2\/media?parent=3511"}],"wp:term":[{"taxonomy":"category","embeddable":true,"href":"https:\/\/www.granadablogs.com\/juezcalatayud\/wp-json\/wp\/v2\/categories?post=3511"},{"taxonomy":"post_tag","embeddable":true,"href":"https:\/\/www.granadablogs.com\/juezcalatayud\/wp-json\/wp\/v2\/tags?post=3511"}],"curies":[{"name":"wp","href":"https:\/\/api.w.org\/{rel}","templated":true}]}}