{"id":3509,"date":"2015-01-03T23:34:38","date_gmt":"2015-01-03T21:34:38","guid":{"rendered":"http:\/\/www.granadablogs.com\/juezcalatayud\/?p=3509"},"modified":"2015-01-03T23:34:38","modified_gmt":"2015-01-03T21:34:38","slug":"hay-que-saber-esperar-llega-la-hora-de-los-que-somos-de-los-reyes-magos","status":"publish","type":"post","link":"https:\/\/www.granadablogs.com\/juezcalatayud\/2015\/01\/hay-que-saber-esperar-llega-la-hora-de-los-que-somos-de-los-reyes-magos\/","title":{"rendered":"Hay que saber esperar: llega la hora de los que somos de los Reyes Magos"},"content":{"rendered":"<p>Buenas, soy Emilio Calatayud. Hay que saber esperar: llega la hora de los que somos de los Reyes Magos. Tendremos menos tiempo que los que son de Pap\u00e1 Noel para disfrutar de los regalos, pero el que r\u00ede \u00faltimo r\u00ede mejor. Aunque me temo que los ni\u00f1os, que son ni\u00f1os pero no tontos, son de Pap\u00e1 Noel y de los Reyes Magos -salvo los que no puedan ser del uno ni de los otros por culpa de la crisis-.<\/p>\n<p>Supongo que el regalo estrella ser\u00e1n los m\u00f3viles de nuevo. \u00a1Cuidado con los m\u00f3viles! El viejo, para los ni\u00f1os y el nuevo, para nosotros. Como digo siempre, la edad m\u00ednima para poder tener un m\u00f3vil ser\u00edan los 35 y que se lo pagasen ellos.<\/p>\n","protected":false},"excerpt":{"rendered":"<p>Buenas, soy Emilio Calatayud. Hay que saber esperar: llega la hora de los que somos de los Reyes Magos. Tendremos menos tiempo que los que son de Pap\u00e1 Noel para disfrutar de los regalos, pero el que r\u00ede \u00faltimo r\u00ede mejor. Aunque me temo que los ni\u00f1os, que son ni\u00f1os pero no tontos, son de [&hellip;]<\/p>\n","protected":false},"author":2,"featured_media":0,"comment_status":"open","ping_status":"open","sticky":false,"template":"","format":"standard","meta":{"jetpack_post_was_ever_published":false,"_jetpack_newsletter_access":"","_jetpack_dont_email_post_to_subs":false,"_jetpack_newsletter_tier_id":0,"_jetpack_memberships_contains_paywalled_content":false,"_jetpack_memberships_contains_paid_content":false,"footnotes":""},"categories":[1],"tags":[237,258],"class_list":["post-3509","post","type-post","status-publish","format-standard","hentry","category-blog","tag-moviles","tag-reyes-magos"],"jetpack_featured_media_url":"","jetpack_shortlink":"https:\/\/wp.me\/p5fzW5-UB","jetpack-related-posts":[],"jetpack_sharing_enabled":true,"_links":{"self":[{"href":"https:\/\/www.granadablogs.com\/juezcalatayud\/wp-json\/wp\/v2\/posts\/3509","targetHints":{"allow":["GET"]}}],"collection":[{"href":"https:\/\/www.granadablogs.com\/juezcalatayud\/wp-json\/wp\/v2\/posts"}],"about":[{"href":"https:\/\/www.granadablogs.com\/juezcalatayud\/wp-json\/wp\/v2\/types\/post"}],"author":[{"embeddable":true,"href":"https:\/\/www.granadablogs.com\/juezcalatayud\/wp-json\/wp\/v2\/users\/2"}],"replies":[{"embeddable":true,"href":"https:\/\/www.granadablogs.com\/juezcalatayud\/wp-json\/wp\/v2\/comments?post=3509"}],"version-history":[{"count":1,"href":"https:\/\/www.granadablogs.com\/juezcalatayud\/wp-json\/wp\/v2\/posts\/3509\/revisions"}],"predecessor-version":[{"id":3510,"href":"https:\/\/www.granadablogs.com\/juezcalatayud\/wp-json\/wp\/v2\/posts\/3509\/revisions\/3510"}],"wp:attachment":[{"href":"https:\/\/www.granadablogs.com\/juezcalatayud\/wp-json\/wp\/v2\/media?parent=3509"}],"wp:term":[{"taxonomy":"category","embeddable":true,"href":"https:\/\/www.granadablogs.com\/juezcalatayud\/wp-json\/wp\/v2\/categories?post=3509"},{"taxonomy":"post_tag","embeddable":true,"href":"https:\/\/www.granadablogs.com\/juezcalatayud\/wp-json\/wp\/v2\/tags?post=3509"}],"curies":[{"name":"wp","href":"https:\/\/api.w.org\/{rel}","templated":true}]}}