{"id":3506,"date":"2015-01-02T21:00:16","date_gmt":"2015-01-02T19:00:16","guid":{"rendered":"http:\/\/www.granadablogs.com\/juezcalatayud\/?p=3506"},"modified":"2015-01-02T21:00:16","modified_gmt":"2015-01-02T19:00:16","slug":"tenemos-todos-un-precio","status":"publish","type":"post","link":"https:\/\/www.granadablogs.com\/juezcalatayud\/2015\/01\/tenemos-todos-un-precio\/","title":{"rendered":"\u00bfTenemos todos un precio?"},"content":{"rendered":"<p>Buenas, soy Emilio Calatayud. Creo la mayor\u00eda de nosotros (aunque igual me equivoco) nos habremos hecho la siguiente pregunta en alg\u00fan momento de nuestras vidas: \u00bfTenemos todos un precio? Yo desde luego, me la he hecho. Y me han surgido m\u00e1s preguntas: \u00bfY si el precio fuera que te garantizasen que tus hijos tuvieran una vida moderadamente feliz? \u00bfQu\u00e9 har\u00edas en ese caso, porque cuando se habla de lo de tener un precio lo normal es que pensemos en dinero y en sobornos, etc?<\/p>\n<p>Lo que ocurre es que hay personas que se venden muy barato: por un jam\u00f3n, unos cubatas, un traje, un puesto a dedo en un consejo consultivo, etc Por eso est\u00e1 tan mal visto lo de tener un precio. Pero depende de qu\u00e9 precio hablemos, \u00bfno?<\/p>\n","protected":false},"excerpt":{"rendered":"<p>Buenas, soy Emilio Calatayud. Creo la mayor\u00eda de nosotros (aunque igual me equivoco) nos habremos hecho la siguiente pregunta en alg\u00fan momento de nuestras vidas: \u00bfTenemos todos un precio? Yo desde luego, me la he hecho. Y me han surgido m\u00e1s preguntas: \u00bfY si el precio fuera que te garantizasen que tus hijos tuvieran una [&hellip;]<\/p>\n","protected":false},"author":2,"featured_media":0,"comment_status":"open","ping_status":"open","sticky":false,"template":"","format":"standard","meta":{"jetpack_post_was_ever_published":false,"_jetpack_newsletter_access":"","_jetpack_dont_email_post_to_subs":false,"_jetpack_newsletter_tier_id":0,"_jetpack_memberships_contains_paywalled_content":false,"_jetpack_memberships_contains_paid_content":false,"footnotes":""},"categories":[1],"tags":[1008,1009],"class_list":["post-3506","post","type-post","status-publish","format-standard","hentry","category-blog","tag-tenemos","tag-un-precio"],"jetpack_featured_media_url":"","jetpack_shortlink":"https:\/\/wp.me\/p5fzW5-Uy","jetpack-related-posts":[],"jetpack_sharing_enabled":true,"_links":{"self":[{"href":"https:\/\/www.granadablogs.com\/juezcalatayud\/wp-json\/wp\/v2\/posts\/3506","targetHints":{"allow":["GET"]}}],"collection":[{"href":"https:\/\/www.granadablogs.com\/juezcalatayud\/wp-json\/wp\/v2\/posts"}],"about":[{"href":"https:\/\/www.granadablogs.com\/juezcalatayud\/wp-json\/wp\/v2\/types\/post"}],"author":[{"embeddable":true,"href":"https:\/\/www.granadablogs.com\/juezcalatayud\/wp-json\/wp\/v2\/users\/2"}],"replies":[{"embeddable":true,"href":"https:\/\/www.granadablogs.com\/juezcalatayud\/wp-json\/wp\/v2\/comments?post=3506"}],"version-history":[{"count":1,"href":"https:\/\/www.granadablogs.com\/juezcalatayud\/wp-json\/wp\/v2\/posts\/3506\/revisions"}],"predecessor-version":[{"id":3507,"href":"https:\/\/www.granadablogs.com\/juezcalatayud\/wp-json\/wp\/v2\/posts\/3506\/revisions\/3507"}],"wp:attachment":[{"href":"https:\/\/www.granadablogs.com\/juezcalatayud\/wp-json\/wp\/v2\/media?parent=3506"}],"wp:term":[{"taxonomy":"category","embeddable":true,"href":"https:\/\/www.granadablogs.com\/juezcalatayud\/wp-json\/wp\/v2\/categories?post=3506"},{"taxonomy":"post_tag","embeddable":true,"href":"https:\/\/www.granadablogs.com\/juezcalatayud\/wp-json\/wp\/v2\/tags?post=3506"}],"curies":[{"name":"wp","href":"https:\/\/api.w.org\/{rel}","templated":true}]}}