{"id":345,"date":"2009-10-05T21:26:01","date_gmt":"2009-10-05T20:26:01","guid":{"rendered":"http:\/\/www.granadablogs.com\/juezcalatayud\/?p=345"},"modified":"2009-10-05T21:35:32","modified_gmt":"2009-10-05T20:35:32","slug":"don-emilio-profeta-en-su-otra-tierra","status":"publish","type":"post","link":"https:\/\/www.granadablogs.com\/juezcalatayud\/2009\/10\/don-emilio-profeta-en-su-otra-tierra\/","title":{"rendered":"Don Emilio, profeta en su (otra) tierra"},"content":{"rendered":"<p>Azucena\u00a0y Emilio, Emilio y Azucena han vivido hoy -y supongo que estar\u00e1n todav\u00eda disfrutando de ella- una jornada feliz. Han vuelto juntos a casa -bueno, a su otra casa, porque, como nadie ignora,\u00a0tambi\u00e9n son\u00a0del Albaic\u00edn y de Gran\u00e1-, a Ciudad Real para recibir un galard\u00f3n que, aunque lleva el nombre de Emilio, todos sabemos ya a estas alturas que es de los dos. Me consta que iban muy contentos. Y me alegro. Se acercan tiempos complicados y toda inyecci\u00f3n de felicidad, el verdadero b\u00e1lsamo de Fierabr\u00e1s, es poca.<\/p>\n<p>Enhorabuena por ser profetas en vuestra (otra) tierra. Porque aqu\u00ed tambi\u00e9n lo son. El pasado viernes, el juez pregon\u00f3 las fiestas de su barrio, el Albaic\u00edn, y conden\u00f3 a sus convecinos a divertirse.<\/p>\n<p>Bueno, que ya se me olvidaba, aqu\u00ed va la noticia de la agencia EFE sobre el galard\u00f3n, que\u00a0tambi\u00e9n ha sido concedido, entre otros, al <strong>profesor Neira, golpeado brutalmente por un energ\u00fameno\u00a0al tratar de defender a una mujer,\u00a0o a Jos\u00e9 Mar\u00eda Barreda, presidente de Castilla La Mancha<\/strong>.\u00a0Como ver\u00e9is en la informaci\u00f3n, don Emilio adelanta en este blog -v\u00e9ase\u00a0su reciente\u00a0post\u00a0en el que propon\u00eda \u00a0&#8216;un pacto por el menor&#8217;- las ideas y propuestas que luego defiende en otros foros.<\/p>\n<p><strong>Emilio Calatayud, colegiado de honor del colegio oficial de licenciados de Castilla la Mancha<\/strong><\/p>\n<p>\u00abEmilio Calatayud, juez de menores de Granada, ha exigido hoy un pacto por el menor para \u00abdefender lo que establece la ley, defender los intereses del menor\u00bb.<\/p>\n<p>El juez Calatayud ha realizado estas declaraciones tras ser nombrado colegiado de honor del Colegio Oficial de Licenciados y Doctorados de Castilla-La Mancha, evento que se ha celebrado esta tarde en Ciudad Real con motivo del D\u00eda Mundial del Docente y donde han participado, entre otros, el profesor Jes\u00fas Neira, la directora de Unidad Editorial, Carmen Iglesias, y el presidente de Castilla-La Mancha, Jos\u00e9 Mar\u00eda Barreda.<\/p>\n<p>El juez de menores, quien se ha definido como \u00abun manchego del Albaic\u00edn\u00bb, ha afirmado que \u00ablo importante\u00bb para hacer bien su trabajo es \u00abcreer en lo que se aplica, en lo que se est\u00e1 haciendo\u00bb, y ha subrayado que cuando \u00abson muchos j\u00f3venes los que cometen delitos, no todos son delincuentes\u00bb.<\/p>\n<p>En este sentido, ha indicado que \u00e9l aboga por \u00absancionar para reeducar\u00bb y ha lamentado que los docentes hayan dejado de \u00abser maestros\u00bb para ser \u00abprofesores\u00bb.<\/p>\n<p>El juez ha pedido, \u00abpara que se cumpla lo que establece la ley\u00bb, un gran pacto por el menor a nivel nacional donde no primen los intereses partidistas\u00bb.<\/p>\n","protected":false},"excerpt":{"rendered":"<p>Azucena\u00a0y Emilio, Emilio y Azucena han vivido hoy -y supongo que estar\u00e1n todav\u00eda disfrutando de ella- una jornada feliz. Han vuelto juntos a casa -bueno, a su otra casa, porque, como nadie ignora,\u00a0tambi\u00e9n son\u00a0del Albaic\u00edn y de Gran\u00e1-, a Ciudad Real para recibir un galard\u00f3n que, aunque lleva el nombre de Emilio, todos sabemos ya [&hellip;]<\/p>\n","protected":false},"author":3,"featured_media":0,"comment_status":"open","ping_status":"open","sticky":false,"template":"","format":"standard","meta":{"jetpack_post_was_ever_published":false,"_jetpack_newsletter_access":"","_jetpack_dont_email_post_to_subs":false,"_jetpack_newsletter_tier_id":0,"_jetpack_memberships_contains_paywalled_content":false,"_jetpack_memberships_contains_paid_content":false,"footnotes":""},"categories":[1],"tags":[],"class_list":["post-345","post","type-post","status-publish","format-standard","hentry","category-blog"],"jetpack_featured_media_url":"","jetpack_shortlink":"https:\/\/wp.me\/p5fzW5-5z","jetpack-related-posts":[],"jetpack_sharing_enabled":true,"_links":{"self":[{"href":"https:\/\/www.granadablogs.com\/juezcalatayud\/wp-json\/wp\/v2\/posts\/345","targetHints":{"allow":["GET"]}}],"collection":[{"href":"https:\/\/www.granadablogs.com\/juezcalatayud\/wp-json\/wp\/v2\/posts"}],"about":[{"href":"https:\/\/www.granadablogs.com\/juezcalatayud\/wp-json\/wp\/v2\/types\/post"}],"author":[{"embeddable":true,"href":"https:\/\/www.granadablogs.com\/juezcalatayud\/wp-json\/wp\/v2\/users\/3"}],"replies":[{"embeddable":true,"href":"https:\/\/www.granadablogs.com\/juezcalatayud\/wp-json\/wp\/v2\/comments?post=345"}],"version-history":[{"count":4,"href":"https:\/\/www.granadablogs.com\/juezcalatayud\/wp-json\/wp\/v2\/posts\/345\/revisions"}],"predecessor-version":[{"id":347,"href":"https:\/\/www.granadablogs.com\/juezcalatayud\/wp-json\/wp\/v2\/posts\/345\/revisions\/347"}],"wp:attachment":[{"href":"https:\/\/www.granadablogs.com\/juezcalatayud\/wp-json\/wp\/v2\/media?parent=345"}],"wp:term":[{"taxonomy":"category","embeddable":true,"href":"https:\/\/www.granadablogs.com\/juezcalatayud\/wp-json\/wp\/v2\/categories?post=345"},{"taxonomy":"post_tag","embeddable":true,"href":"https:\/\/www.granadablogs.com\/juezcalatayud\/wp-json\/wp\/v2\/tags?post=345"}],"curies":[{"name":"wp","href":"https:\/\/api.w.org\/{rel}","templated":true}]}}