{"id":3297,"date":"2014-08-27T21:57:14","date_gmt":"2014-08-27T20:57:14","guid":{"rendered":"http:\/\/www.granadablogs.com\/juezcalatayud\/?p=3297"},"modified":"2014-08-27T21:57:14","modified_gmt":"2014-08-27T20:57:14","slug":"la-acusacion-popular","status":"publish","type":"post","link":"https:\/\/www.granadablogs.com\/juezcalatayud\/2014\/08\/la-acusacion-popular\/","title":{"rendered":"La acusaci\u00f3n popular"},"content":{"rendered":"<p>Buenas, soy Emilio Calatayud. Parece que va a desaparecer la figura de\u00a0la acusaci\u00f3n popular. No es una buena idea. \u00bfPor qu\u00e9 cualquier ciudadano no va a poder ejercer la acusaci\u00f3n contra alguien que, por ejemplo, ha defraudado a Hacienda? Al enga\u00f1ar al fisco, nos enga\u00f1a a todos y es justo que cualquiera pueda acusarle. Y lo mismo pasa con los casos de corrupci\u00f3n, etc, en los que las v\u00edctimas somos todos. Un saludo.<\/p>\n","protected":false},"excerpt":{"rendered":"<p>Buenas, soy Emilio Calatayud. Parece que va a desaparecer la figura de\u00a0la acusaci\u00f3n popular. No es una buena idea. \u00bfPor qu\u00e9 cualquier ciudadano no va a poder ejercer la acusaci\u00f3n contra alguien que, por ejemplo, ha defraudado a Hacienda? Al enga\u00f1ar al fisco, nos enga\u00f1a a todos y es justo que cualquiera pueda acusarle. Y [&hellip;]<\/p>\n","protected":false},"author":2,"featured_media":0,"comment_status":"open","ping_status":"open","sticky":false,"template":"","format":"standard","meta":{"jetpack_post_was_ever_published":false,"_jetpack_newsletter_access":"","_jetpack_dont_email_post_to_subs":false,"_jetpack_newsletter_tier_id":0,"_jetpack_memberships_contains_paywalled_content":false,"_jetpack_memberships_contains_paid_content":false,"footnotes":""},"categories":[1],"tags":[924,925],"class_list":["post-3297","post","type-post","status-publish","format-standard","hentry","category-blog","tag-acusacion","tag-popular"],"jetpack_featured_media_url":"","jetpack_shortlink":"https:\/\/wp.me\/p5fzW5-Rb","jetpack-related-posts":[],"jetpack_sharing_enabled":true,"_links":{"self":[{"href":"https:\/\/www.granadablogs.com\/juezcalatayud\/wp-json\/wp\/v2\/posts\/3297","targetHints":{"allow":["GET"]}}],"collection":[{"href":"https:\/\/www.granadablogs.com\/juezcalatayud\/wp-json\/wp\/v2\/posts"}],"about":[{"href":"https:\/\/www.granadablogs.com\/juezcalatayud\/wp-json\/wp\/v2\/types\/post"}],"author":[{"embeddable":true,"href":"https:\/\/www.granadablogs.com\/juezcalatayud\/wp-json\/wp\/v2\/users\/2"}],"replies":[{"embeddable":true,"href":"https:\/\/www.granadablogs.com\/juezcalatayud\/wp-json\/wp\/v2\/comments?post=3297"}],"version-history":[{"count":2,"href":"https:\/\/www.granadablogs.com\/juezcalatayud\/wp-json\/wp\/v2\/posts\/3297\/revisions"}],"predecessor-version":[{"id":3299,"href":"https:\/\/www.granadablogs.com\/juezcalatayud\/wp-json\/wp\/v2\/posts\/3297\/revisions\/3299"}],"wp:attachment":[{"href":"https:\/\/www.granadablogs.com\/juezcalatayud\/wp-json\/wp\/v2\/media?parent=3297"}],"wp:term":[{"taxonomy":"category","embeddable":true,"href":"https:\/\/www.granadablogs.com\/juezcalatayud\/wp-json\/wp\/v2\/categories?post=3297"},{"taxonomy":"post_tag","embeddable":true,"href":"https:\/\/www.granadablogs.com\/juezcalatayud\/wp-json\/wp\/v2\/tags?post=3297"}],"curies":[{"name":"wp","href":"https:\/\/api.w.org\/{rel}","templated":true}]}}